{"id":25606,"__str__":"Diversos - Anexo 01 de 30/06/2022 por ","link_detail_backend":"/materia/documentoacessorio/25606","metadata":{"old_system":{"value":{"id":{"id":25606,"data":"2022-06-30T16:36:36Z","nome":"6512bd43d9caa6e02c990b0a82652dca\\9a925dff-eb4d-43db-bf0c-57b27bdcc29c","versao":2,"embanco":0,"paginas":0,"tamanho":488815,"extensao":".pdf","publicar":1,"__model__":"Arquivo","descricao":"20220630_LLl\u00dca ^QAfMBAUat rnviTn '_\u00bb h09"},"chave":null,"ordem":1,"conteudo":null,"__model__":"Arquivodocumento","documento":{"id":22936,"ano":2022,"data":"2022-06-23T00:00:00Z","flag1":null,"valor":null,"numero":18,"quorum":27,"regime":6,"versao":0,"assunto":"Denomina Pra\u00e7a Adagir Zilio, a pra\u00e7a localizada na quadra 27 do Loteamento Jardim It\u00e1lia, nesta cidade.","subtipo":208,"votacao":null,"publicar":1,"situacao":334,"__model__":"Documento","descricao":"Projeto de Lei N\u00ba 18L/2022","discussao":null,"anoprocesso":null,"complemento":"L","observacoes":"","anoadicional":null,"dataadicional":null,"identificacao":null,"tipodocumento":129,"numeroprocesso":null,"numeroadicional":null,"descricaocompleta":"Projeto de Lei N\u00ba 18L/2022","complementoprocesso":null,"complementoadicional":null},"protegido":0}}},"nome":"Anexo 01","data":"2022-06-30","autor":"","ementa":"","indexacao":"","arquivo":"http://sapl.camponovodoparecis.mt.leg.br/media/sapl/public/documentoacessorio/2022/25606/20220630_lllua-qafmbauat-rnvitn-_-h09.pdf","data_ultima_atualizacao":"2022-06-29T20:00:00-04:00","materia":22936,"tipo":1}