{"id":25847,"__str__":"Diversos - Anexo 01 de 22/08/2022 por ","link_detail_backend":"/materia/documentoacessorio/25847","metadata":{"old_system":{"value":{"id":{"id":25847,"data":"2022-08-22T08:41:08Z","nome":"6512bd43d9caa6e02c990b0a82652dca\\489e89b3-ae7a-407a-b593-7295acff6747","versao":4,"embanco":0,"paginas":0,"tamanho":3646783,"extensao":".docx","publicar":1,"__model__":"Arquivo","descricao":"siscam_indicacao_n_318_2019_novo_modeloix4wf3lt"},"chave":null,"ordem":1,"conteudo":"INDICA\u00c7\u00c3O N\u00ba ...../2021 AUTORIA: VEREADORINDICA AO PODER EXECUTIVO A AMPLIA\u00c7\u00c3O DA EMEI KARINE ALVES MAFORTE, COM A CONSTRU\u00c7\u00c3O DE, NO M\u00cdNIMO, MAIS DUAS SALAS DE AULA. Solicito \u00e0 Mesa, ouvido o soberano Plen\u00e1rio, com fulcro no que disp\u00f5e o art. 122 do Regimento Interno desta Casa, que seja encaminhada ao Sr. Prefeito a presente INDICA\u00c7\u00c3O, versando sobre a amplia\u00e7\u00e3o da EMEI Karine Alves Maforte, com a constru\u00e7\u00e3o de, no m\u00ednimo, mais duas salas de aula. JUSTIFICATIVA Em visita \u00e0 EMEI Karine Alves Maforte foi constatada a exist\u00eancia de duas salas de aula constru\u00eddas de forma prec\u00e1ria, com a utiliza\u00e7\u00e3o de chapas de madeirite, sem janelas, n\u00e3o oferecendo ventila\u00e7\u00e3o adequada e nem veda\u00e7\u00e3o ac\u00fastica. Este espa\u00e7o, contudo, conforme relataram as professoras, pode ser readequado e aproveitado como brinquedoteca. Tamb\u00e9m h\u00e1 uma outra sala que foi dividida, tamb\u00e9m com a utiliza\u00e7\u00e3o de madeirite, para atender duas turmas, situa\u00e7\u00e3o que consideramos n\u00e3o conveniente. Desta forma, \u00e9 imprescind\u00edvel a amplia\u00e7\u00e3o do espa\u00e7o f\u00edsico dessa escola, com a constru\u00e7\u00e3o de, pelo menos, mais duas salas, a fim de proporcionar um ambiente adequado, salutar e agrad\u00e1vel, tanto para os alunos, quanto para os professores e funcion\u00e1rios, com vistas ao pleno desenvolvimento do processo ensino/aprendizagem. Sala de Sess\u00f5es da C\u00e2mara Municipal, em ...... de novembro de 2021. VEREADOR .................................","__model__":"Arquivodocumento","documento":{"id":23223,"ano":2022,"data":"2022-08-18T00:00:00Z","flag1":null,"valor":null,"numero":223,"quorum":null,"regime":6,"versao":0,"assunto":"Indicam ao Poder Executivo a estrutura\u00e7\u00e3o de uma pra\u00e7a nas \u00e1reas comunit\u00e1rias 3/A e 3/B, mais conhecida como \"Pra\u00e7a das Antenas\", localizada no centro sul da cidade.","subtipo":null,"votacao":null,"publicar":1,"situacao":16,"__model__":"Documento","descricao":"Indica\u00e7\u00e3o N\u00ba 223/2022","discussao":null,"anoprocesso":null,"complemento":null,"observacoes":"","anoadicional":null,"dataadicional":null,"identificacao":null,"tipodocumento":135,"numeroprocesso":null,"numeroadicional":null,"descricaocompleta":"Indica\u00e7\u00e3o N\u00ba 223/2022","complementoprocesso":null,"complementoadicional":null},"protegido":0}}},"nome":"Anexo 01","data":"2022-08-22","autor":"","ementa":"","indexacao":"INDICA\u00c7\u00c3O N\u00ba ...../2021 AUTORIA: VEREADORINDICA AO PODER EXECUTIVO A AMPLIA\u00c7\u00c3O DA EMEI KARINE ALVES MAFORTE, COM A CONSTRU\u00c7\u00c3O DE, NO M\u00cdNIMO, MAIS DUAS SALAS DE AULA. Solicito \u00e0 Mesa, ouvido o soberano Plen\u00e1rio, com fulcro no que disp\u00f5e o art. 122 do Regimento Interno desta Casa, que seja encaminhada ao Sr. Prefeito a presente INDICA\u00c7\u00c3O, versando sobre a amplia\u00e7\u00e3o da EMEI Karine Alves Maforte, com a constru\u00e7\u00e3o de, no m\u00ednimo, mais duas salas de aula. JUSTIFICATIVA Em visita \u00e0 EMEI Karine Alves Maforte foi constatada a exist\u00eancia de duas salas de aula constru\u00eddas de forma prec\u00e1ria, com a utiliza\u00e7\u00e3o de chapas de madeirite, sem janelas, n\u00e3o oferecendo ventila\u00e7\u00e3o adequada e nem veda\u00e7\u00e3o ac\u00fastica. Este espa\u00e7o, contudo, conforme relataram as professoras, pode ser readequado e aproveitado como brinquedoteca. Tamb\u00e9m h\u00e1 uma outra sala que foi dividida, tamb\u00e9m com a utiliza\u00e7\u00e3o de madeirite, para atender duas turmas, situa\u00e7\u00e3o que consideramos n\u00e3o conveniente. Desta forma, \u00e9 imprescind\u00edvel a amplia\u00e7\u00e3o do espa\u00e7o f\u00edsico dessa escola, com a constru\u00e7\u00e3o de, pelo menos, mais duas salas, a fim de proporcionar um ambiente adequado, salutar e agrad\u00e1vel, tanto para os alunos, quanto para os professores e funcion\u00e1rios, com vistas ao pleno desenvolvimento do processo ensino/aprendizagem. Sala de Sess\u00f5es da C\u00e2mara Municipal, em ...... de novembro de 2021. VEREADOR .................................","arquivo":"http://sapl.camponovodoparecis.mt.leg.br/media/sapl/public/documentoacessorio/2022/25847/siscam_indicacao_n_318_2019_novo_modeloix4wf3lt.docx","data_ultima_atualizacao":"2022-08-21T20:00:00-04:00","materia":23223,"tipo":1}