{"id":29793,"__str__":"Parecer de Comiss\u00e3o - CLJRF de 10/02/2025 por Ver. Willian Freitas Rodrigues","link_detail_backend":"/materia/documentoacessorio/29793","metadata":{},"nome":"CLJRF","data":"2025-02-10","autor":"Ver. Willian Freitas Rodrigues","ementa":"Mo\u00e7\u00e3o de Pesar \u00e1 fam\u00edlia do Senhor Ab\u00edlio Alves da Guia, cujo falecimento ocorreu no dia 04 de fevereiro \u00faltimo, na capital do Estado de Mato Grosso","indexacao":"","arquivo":"http://sapl.camponovodoparecis.mt.leg.br/media/sapl/public/documentoacessorio/2025/29793/parecer_mocao_de_pesar_sr._abilio.pdf","data_ultima_atualizacao":"2025-02-11T09:08:00.711315-04:00","materia":26999,"tipo":120}