{"id":27741,"__str__":"Indica\u00e7\u00e3o n\u00ba 157 de 2025","link_detail_backend":"/materia/27741","metadata":{},"numero":157,"ano":2025,"numero_protocolo":713,"data_apresentacao":"2025-09-03","tipo_apresentacao":"","data_publicacao":null,"numero_origem_externa":"","ano_origem_externa":null,"data_origem_externa":null,"apelido":"","dias_prazo":null,"data_fim_prazo":null,"em_tramitacao":true,"polemica":false,"objeto":"","complementar":false,"ementa":"Indicamos ao Poder Executivo a ado\u00e7\u00e3o de provid\u00eancias necess\u00e1rias para constru\u00e7\u00e3o de cobertura destinada ao estacionamento de ve\u00edculos da frota da Secretaria de Sa\u00fade, bem como a edifica\u00e7\u00e3o de \u00e1rea de descanso/espera aos motoristas e equipe t\u00e9cnica da sa\u00fade, no terreno localizado ao lado da C\u00e2mara Municipal, nos fundos do pr\u00e9dio do SAMU, do Laborat\u00f3rio e Farm\u00e1cia Municipal.","indexacao":"","observacao":"","resultado":"","texto_original":"http://sapl.camponovodoparecis.mt.leg.br/media/sapl/public/materialegislativa/2025/27741/indicacao_157.2025.ass.pdf","data_ultima_atualizacao":"2025-09-09T08:39:08.580917-04:00","ip":"177.200.230.154","ultima_edicao":"2025-09-09T08:38:42.702262-04:00","tipo":135,"regime_tramitacao":6,"tipo_origem_externa":null,"local_origem_externa":null,"user":88,"anexadas":[],"autores":[657,723,701,419,30,654]}