{"id":10658,"__str__":"Veto Parcial n\u00ba 100 de 2020 | Encaminhamento de Expediente | 23/04/2020","link_detail_backend":"/materia/tramitacao/10658","metadata":{"old_system":{"value":{"id":10658,"versao":0,"objetivo":{},"publicar":1,"__model__":"Tramitacao","dataenvio":"2020-04-23T00:00:00Z","dataprazo":null,"documento":{"id":18493,"ano":2020,"data":"2020-03-03T00:00:00Z","flag1":null,"valor":null,"numero":1,"quorum":25,"regime":null,"versao":0,"assunto":"Veto ao Projeto de Lei N\u00ba 110/2019 - Altera dispositivos da Lei 2.075/2019, que disp\u00f5e acerca do parcelamento de im\u00f3veis para fins espec\u00edficos de s\u00edtios de recreio no munic\u00edpio de Campo Novo do Parecis e d\u00e1 outras provid\u00eancias.","subtipo":435,"votacao":null,"publicar":1,"situacao":259,"__model__":"Documento","descricao":"Veto N\u00ba 1/2020","discussao":null,"anoprocesso":null,"complemento":null,"observacoes":"","anoadicional":null,"dataadicional":null,"identificacao":null,"tipodocumento":126,"numeroprocesso":null,"numeroadicional":null,"descricaocompleta":"Veto N\u00ba 1/2020 ao Projeto de Lei N\u00ba 110/2019","complementoprocesso":null,"complementoadicional":null},"remetente":{"id":8,"nome":"Presid\u00eancia","ativo":1,"versao":1,"apelido":"Presid\u00eancia","publicar":0,"__model__":"Autor","tipoautor":9,"legislativo":0,"observacoes":null,"usarapelido":0},"resultado":{},"sequencia":2,"vinculopai":{},"complemento":"Inclusa decis\u00e3o da CLJRF na pauta da ordem do dia (PROJETO DE DECRETO LEGISLATIVO N\u00ba 021/2020).","destinatario":{"id":10,"nome":"Plen\u00e1rio","ativo":1,"versao":1,"apelido":"Plen\u00e1rio","publicar":0,"__model__":"Autor","tipoautor":9,"legislativo":0,"observacoes":null,"usarapelido":0},"respostadata":"2020-04-27T00:00:00Z","documentovinculado":{},"respostaobservacoes":"Aprovado por 7 x 1 votos em discuss\u00e3o \u00fanica, seguindo \u00e0 promulga\u00e7\u00e3o.","remetenteusarapelido":0,"destinatariousarapelido":0,"respostadocumentovinculado":{}}}},"timestamp":"2020-04-22T23:00:00-04:00","data_tramitacao":"2020-04-23","data_encaminhamento":"2020-04-23","urgente":false,"turno":"","texto":"Complemento: Inclusa decis\u00e3o da CLJRF na pauta da ordem do dia (PROJETO DE DECRETO LEGISLATIVO N\u00ba 021/2020).\nData da Resposta: 27/04/2020\nResposta Observa\u00e7\u00f5es: Aprovado por 7 x 1 votos em discuss\u00e3o \u00fanica, seguindo \u00e0 promulga\u00e7\u00e3o.","data_fim_prazo":null,"ip":"","ultima_edicao":null,"status":41,"materia":18493,"unidade_tramitacao_local":8,"unidade_tramitacao_destino":10,"user":null}