{"id":10791,"__str__":"Projeto de Lei Executivo n\u00ba 17 de 2020 | Encaminhamento de Expediente | 18/06/2020","link_detail_backend":"/materia/tramitacao/10791","metadata":{"old_system":{"value":{"id":10791,"versao":0,"objetivo":{},"publicar":1,"__model__":"Tramitacao","dataenvio":"2020-06-18T00:00:00Z","dataprazo":null,"documento":{"id":18561,"ano":2020,"data":"2020-03-11T00:00:00Z","flag1":null,"valor":null,"numero":17,"quorum":27,"regime":5,"versao":0,"assunto":"Autoriza o Poder Executivo Municipal a abrir cr\u00e9dito adicional suplementar de R$1.000.000,00 e d\u00e1 outras provid\u00eancias.","subtipo":209,"votacao":null,"publicar":1,"situacao":334,"__model__":"Documento","descricao":"Projeto de Lei N\u00ba 17/2020","discussao":null,"anoprocesso":null,"complemento":null,"observacoes":"","anoadicional":null,"dataadicional":null,"identificacao":null,"tipodocumento":129,"numeroprocesso":null,"numeroadicional":null,"descricaocompleta":"Projeto de Lei N\u00ba 17/2020","complementoprocesso":null,"complementoadicional":null},"remetente":{"id":8,"nome":"Presid\u00eancia","ativo":1,"versao":1,"apelido":"Presid\u00eancia","publicar":0,"__model__":"Autor","tipoautor":9,"legislativo":0,"observacoes":null,"usarapelido":0},"resultado":{},"sequencia":9,"vinculopai":{},"complemento":"Incluso na pauta da ordem do dia da sess\u00e3o ordin\u00e1ria de 22.06.2020.","destinatario":{"id":10,"nome":"Plen\u00e1rio","ativo":1,"versao":1,"apelido":"Plen\u00e1rio","publicar":0,"__model__":"Autor","tipoautor":9,"legislativo":0,"observacoes":null,"usarapelido":0},"respostadata":"2020-06-22T00:00:00Z","documentovinculado":{},"respostaobservacoes":"Aprovado em discuss\u00e3o \u00fanica, segue \u00e0 san\u00e7\u00e3o.","remetenteusarapelido":0,"destinatariousarapelido":0,"respostadocumentovinculado":{}}}},"timestamp":"2020-06-17T23:00:00-04:00","data_tramitacao":"2020-06-18","data_encaminhamento":"2020-06-18","urgente":false,"turno":"","texto":"Complemento: Incluso na pauta da ordem do dia da sess\u00e3o ordin\u00e1ria de 22.06.2020.\nData da Resposta: 22/06/2020\nResposta Observa\u00e7\u00f5es: Aprovado em discuss\u00e3o \u00fanica, segue \u00e0 san\u00e7\u00e3o.","data_fim_prazo":null,"ip":"","ultima_edicao":null,"status":41,"materia":18561,"unidade_tramitacao_local":8,"unidade_tramitacao_destino":10,"user":null}