{"id":10842,"__str__":"Requerimento n\u00ba 191 de 2020 | Encaminhamento de Expediente | 15/06/2020","link_detail_backend":"/materia/tramitacao/10842","metadata":{"old_system":{"value":{"id":10842,"versao":0,"objetivo":{},"publicar":1,"__model__":"Tramitacao","dataenvio":"2020-06-15T00:00:00Z","dataprazo":null,"documento":{"id":18837,"ano":2020,"data":"2020-06-15T00:00:00Z","flag1":null,"valor":null,"numero":191,"quorum":null,"regime":6,"versao":0,"assunto":"Requerem ao Sr. Prefeito, ouvido o soberano Plen\u00e1rio, com fundamento no art. 23, XIII, da Lei Org\u00e2nica Municipal, o encaminhamento a esta Casa de Leis de c\u00f3pia das notas fiscais, com os respectivos \"atestos\", decorrentes da presta\u00e7\u00e3o de servi\u00e7os de manuten\u00e7\u00e3o hidr\u00e1ulica, no per\u00edodo de junho de 2019 a maio de 2020.","subtipo":null,"votacao":null,"publicar":1,"situacao":259,"__model__":"Documento","descricao":"Requerimento N\u00ba 191/2020","discussao":null,"anoprocesso":null,"complemento":null,"observacoes":"","anoadicional":null,"dataadicional":null,"identificacao":null,"tipodocumento":134,"numeroprocesso":null,"numeroadicional":null,"descricaocompleta":"Requerimento N\u00ba 191/2020","complementoprocesso":null,"complementoadicional":null},"remetente":{"id":30,"nome":"MILTON SOARES","ativo":0,"versao":2,"apelido":"MILTON SOARES","publicar":0,"__model__":"Autor","tipoautor":3,"legislativo":1,"observacoes":"1. Eleito com 801 votos pela Coliga\u00e7\u00e3o Frente Republicana Democr\u00e1tica (PMDB/PR), pelo PR, no pleito de 07.10.2012. Empossado em 01.10.2013.\r\n\r\n2. Reeleito com 462 votos pela Coliga\u00e7\u00e3o  Frente Social Democr\u00e1tica Progressista Crist\u00e3 (PP/DEM/PSB/PSC), pelo PSB, no pleito de 02.10.2016. Diplomado em 12.12.2016. Empossado em 01.01.2017.","usarapelido":0},"resultado":{},"sequencia":1,"vinculopai":{},"complemento":"Incluso na pauta da sess\u00e3o ordin\u00e1ria de 22.06.2020.","destinatario":{"id":8,"nome":"Presid\u00eancia","ativo":1,"versao":1,"apelido":"Presid\u00eancia","publicar":0,"__model__":"Autor","tipoautor":9,"legislativo":0,"observacoes":null,"usarapelido":0},"respostadata":"2020-06-24T00:00:00Z","documentovinculado":{},"respostaobservacoes":"Lido e aprovado no expediente.","remetenteusarapelido":0,"destinatariousarapelido":0,"respostadocumentovinculado":{}}}},"timestamp":"2020-06-14T23:00:00-04:00","data_tramitacao":"2020-06-15","data_encaminhamento":"2020-06-15","urgente":false,"turno":"","texto":"Complemento: Incluso na pauta da sess\u00e3o ordin\u00e1ria de 22.06.2020.\nData da Resposta: 24/06/2020\nResposta Observa\u00e7\u00f5es: Lido e aprovado no expediente.","data_fim_prazo":null,"ip":"","ultima_edicao":null,"status":41,"materia":18837,"unidade_tramitacao_local":30,"unidade_tramitacao_destino":8,"user":null}