{"id":11008,"__str__":"Requerimento n\u00ba 204 de 2020 | Encaminhamento de Expediente | 03/09/2020","link_detail_backend":"/materia/tramitacao/11008","metadata":{"old_system":{"value":{"id":11008,"versao":0,"objetivo":{},"publicar":1,"__model__":"Tramitacao","dataenvio":"2020-09-03T00:00:00Z","dataprazo":null,"documento":{"id":19314,"ano":2020,"data":"2020-09-03T00:00:00Z","flag1":null,"valor":null,"numero":204,"quorum":null,"regime":6,"versao":0,"assunto":"Requerem ao Sr. Prefeito, ouvido o soberano Plen\u00e1rio, com fundamento no art. 23, XIII, da Lei Org\u00e2nica Municipal, por interm\u00e9dio da Secretaria Municipal de Educa\u00e7\u00e3o, que seja informado a esta Casa de Leis o n\u00famero de alunos matriculados na rede de municipal de ensino, por escola, de todas as etapas (infantil e fundamental) e modalidades (especial, jovens e adultos e ind\u00edgena).","subtipo":null,"votacao":null,"publicar":1,"situacao":259,"__model__":"Documento","descricao":"Requerimento N\u00ba 204/2020","discussao":null,"anoprocesso":null,"complemento":null,"observacoes":"","anoadicional":null,"dataadicional":null,"identificacao":null,"tipodocumento":134,"numeroprocesso":null,"numeroadicional":null,"descricaocompleta":"Requerimento N\u00ba 204/2020","complementoprocesso":null,"complementoadicional":null},"remetente":{"id":404,"nome":"CICERO DOS SANTOS SILVA","ativo":0,"versao":0,"apelido":"CICERO","publicar":0,"__model__":"Autor","tipoautor":3,"legislativo":1,"observacoes":"1. Eleito com 669 votos pela Coliga\u00e7\u00e3o Por Amor a Nossa Terra 1, pelo PMB, no pleito de 02.10.2016. Empossado em 01.01.2017.","usarapelido":0},"resultado":{},"sequencia":1,"vinculopai":{},"complemento":"Incluso na pauta da sess\u00e3o ordin\u00e1ria do dia 08.09.2020.","destinatario":{"id":8,"nome":"Presid\u00eancia","ativo":1,"versao":1,"apelido":"Presid\u00eancia","publicar":0,"__model__":"Autor","tipoautor":9,"legislativo":0,"observacoes":null,"usarapelido":0},"respostadata":"2020-09-08T00:00:00Z","documentovinculado":{},"respostaobservacoes":"Lido e aprovado no expediente.","remetenteusarapelido":0,"destinatariousarapelido":0,"respostadocumentovinculado":{}}}},"timestamp":"2020-09-02T23:00:00-04:00","data_tramitacao":"2020-09-03","data_encaminhamento":"2020-09-03","urgente":false,"turno":"","texto":"Complemento: Incluso na pauta da sess\u00e3o ordin\u00e1ria do dia 08.09.2020.\nData da Resposta: 08/09/2020\nResposta Observa\u00e7\u00f5es: Lido e aprovado no expediente.","data_fim_prazo":null,"ip":"","ultima_edicao":null,"status":41,"materia":19314,"unidade_tramitacao_local":404,"unidade_tramitacao_destino":8,"user":null}