{"id":11291,"__str__":"Indica\u00e7\u00e3o n\u00ba 5 de 2021 | Encaminhamento de Expediente | 11/01/2021","link_detail_backend":"/materia/tramitacao/11291","metadata":{"old_system":{"value":{"id":11291,"versao":0,"objetivo":{},"publicar":1,"__model__":"Tramitacao","dataenvio":"2021-01-11T00:00:00Z","dataprazo":null,"documento":{"id":20059,"ano":2021,"data":"2021-01-11T00:00:00Z","flag1":null,"valor":null,"numero":5,"quorum":null,"regime":6,"versao":0,"assunto":"Indicam ao Poder Executivo a contrata\u00e7\u00e3o de dentista e fisioterapeuta para prestar atendimento na Unidade de Sa\u00fade da Itamarati Norte.","subtipo":null,"votacao":null,"publicar":1,"situacao":16,"__model__":"Documento","descricao":"Indica\u00e7\u00e3o N\u00ba 5/2021","discussao":null,"anoprocesso":null,"complemento":null,"observacoes":"","anoadicional":null,"dataadicional":null,"identificacao":null,"tipodocumento":135,"numeroprocesso":null,"numeroadicional":null,"descricaocompleta":"Indica\u00e7\u00e3o N\u00ba 5/2021","complementoprocesso":null,"complementoadicional":null},"remetente":{"id":401,"nome":"MARCIO CLEI FERREIRA DO NASCIMENTO","ativo":1,"versao":0,"apelido":"MARCIO NASCIMENTO","publicar":1,"__model__":"Autor","tipoautor":3,"legislativo":1,"observacoes":"1. Eleito com 599 votos pela Coliga\u00e7\u00e3o  O Futuro Se Levanta 2, pelo PTB, no pleito de 02.10.2016. Empossado em 01.01.2017.\r\n2. Reeleito com 392 votos pelo PSL - Partido Social Liberal, no pleito de 15.11.2020. Empossado em 01.01.2021,\r\n3. Exerceu o cargo de 1\u00ba Secret\u00e1rio da Mesa Diretora no anu\u00eanio 2021.","usarapelido":0},"resultado":{},"sequencia":1,"vinculopai":{},"complemento":"Inclusa na pauta da sess\u00e3o ordin\u00e1ria do dia 08.02.2021.","destinatario":{"id":8,"nome":"Presid\u00eancia","ativo":1,"versao":1,"apelido":"Presid\u00eancia","publicar":0,"__model__":"Autor","tipoautor":9,"legislativo":0,"observacoes":null,"usarapelido":0},"respostadata":"2021-02-08T00:00:00Z","documentovinculado":{},"respostaobservacoes":"Aprovada em discuss\u00e3o, ser\u00e1 encaminhado a quem de direito.","remetenteusarapelido":0,"destinatariousarapelido":0,"respostadocumentovinculado":{}}}},"timestamp":"2021-01-10T23:00:00-04:00","data_tramitacao":"2021-01-11","data_encaminhamento":"2021-01-11","urgente":false,"turno":"","texto":"Complemento: Inclusa na pauta da sess\u00e3o ordin\u00e1ria do dia 08.02.2021.\nData da Resposta: 08/02/2021\nResposta Observa\u00e7\u00f5es: Aprovada em discuss\u00e3o, ser\u00e1 encaminhado a quem de direito.","data_fim_prazo":null,"ip":"","ultima_edicao":null,"status":41,"materia":20059,"unidade_tramitacao_local":401,"unidade_tramitacao_destino":8,"user":null}