{"id":11339,"__str__":"Indica\u00e7\u00e3o n\u00ba 21 de 2021 | Encaminhamento de Expediente | 12/02/2021","link_detail_backend":"/materia/tramitacao/11339","metadata":{"old_system":{"value":{"id":11339,"versao":0,"objetivo":{},"publicar":1,"__model__":"Tramitacao","dataenvio":"2021-02-12T00:00:00Z","dataprazo":null,"documento":{"id":20217,"ano":2021,"data":"2021-02-12T00:00:00Z","flag1":null,"valor":null,"numero":21,"quorum":null,"regime":6,"versao":0,"assunto":"Indicam ao Poder Executivo a execu\u00e7\u00e3o de reforma geral e amplia\u00e7\u00e3o da Unidade B\u00e1sica de Sa\u00fade do Bairro Boa Esperan\u00e7a.","subtipo":null,"votacao":null,"publicar":1,"situacao":16,"__model__":"Documento","descricao":"Indica\u00e7\u00e3o N\u00ba 21/2021","discussao":null,"anoprocesso":null,"complemento":null,"observacoes":"","anoadicional":null,"dataadicional":null,"identificacao":null,"tipodocumento":135,"numeroprocesso":null,"numeroadicional":null,"descricaocompleta":"Indica\u00e7\u00e3o N\u00ba 21/2021","complementoprocesso":null,"complementoadicional":null},"remetente":{"id":658,"nome":"JOS\u00c9 MARCIANO DA SILVA","ativo":1,"versao":0,"apelido":"MARCIANO","publicar":1,"__model__":"Autor","tipoautor":3,"legislativo":1,"observacoes":"1. Eleito com 858 votos pelo Partido Progressistas no pleito de 15.11.2020. Diplomado em 16.12.2020. Empossado em 01.01.2021.\r\n2. Exerceu o cargo de 2\u00ba Secret\u00e1rio da Mesa Diretora no anu\u00eanio 2022.","usarapelido":0},"resultado":{},"sequencia":1,"vinculopai":{},"complemento":"Inclusa na pauta da sess\u00e3o ordin\u00e1ria do dia 22.02.2021.","destinatario":{"id":8,"nome":"Presid\u00eancia","ativo":1,"versao":1,"apelido":"Presid\u00eancia","publicar":0,"__model__":"Autor","tipoautor":9,"legislativo":0,"observacoes":null,"usarapelido":0},"respostadata":"2021-02-22T00:00:00Z","documentovinculado":{},"respostaobservacoes":"Lida e aprovada no expediente, encaminhada a quem de direito.","remetenteusarapelido":0,"destinatariousarapelido":0,"respostadocumentovinculado":{}}}},"timestamp":"2021-02-11T23:00:00-04:00","data_tramitacao":"2021-02-12","data_encaminhamento":"2021-02-12","urgente":false,"turno":"","texto":"Complemento: Inclusa na pauta da sess\u00e3o ordin\u00e1ria do dia 22.02.2021.\nData da Resposta: 22/02/2021\nResposta Observa\u00e7\u00f5es: Lida e aprovada no expediente, encaminhada a quem de direito.","data_fim_prazo":null,"ip":"","ultima_edicao":null,"status":41,"materia":20217,"unidade_tramitacao_local":658,"unidade_tramitacao_destino":8,"user":null}