{"id":11712,"__str__":"Mo\u00e7\u00e3o Pesar n\u00ba 1 de 2021 | Encaminhamento de Expediente | 13/05/2021","link_detail_backend":"/materia/tramitacao/11712","metadata":{"old_system":{"value":{"id":11712,"versao":0,"objetivo":{},"publicar":1,"__model__":"Tramitacao","dataenvio":"2021-05-13T00:00:00Z","dataprazo":null,"documento":{"id":20766,"ano":2021,"data":"2021-05-13T00:00:00Z","flag1":null,"valor":null,"numero":1,"quorum":null,"regime":6,"versao":0,"assunto":"Mo\u00e7\u00e3o de Pesar pelo falecimento do Senhor Mario Gieland.","subtipo":427,"votacao":null,"publicar":1,"situacao":16,"__model__":"Documento","descricao":"Mo\u00e7\u00e3o N\u00ba 1/2021","discussao":null,"anoprocesso":null,"complemento":null,"observacoes":"","anoadicional":null,"dataadicional":null,"identificacao":null,"tipodocumento":136,"numeroprocesso":null,"numeroadicional":null,"descricaocompleta":"Mo\u00e7\u00e3o N\u00ba 1/2021","complementoprocesso":null,"complementoadicional":null},"remetente":{"id":32,"nome":"VANDERLEI MARCOS PULGA BAIOTO","ativo":1,"versao":2,"apelido":"BAIOTO","publicar":1,"__model__":"Autor","tipoautor":3,"legislativo":1,"observacoes":"1. Eleito com 691 votos pela Coliga\u00e7\u00e3o Frente Republicana Democr\u00e1tica (PMDB/PR), pelo PMDB, no pleito de 07.10.2012. Empossado em 01.10.2013.\r\n\r\n2. Reeleito com 803 votos pela Coliga\u00e7\u00e3o  A For\u00e7a da Nossa Gente, no pleito de 02.10.2016, pelo PMDB. Diplomado em 12.12.2016. Empossado em 01.01.2017.\r\n\r\n3. Reeleito com 661 votos pelo Partido MDB - Partido Movimento Democr\u00e1tico Brasileiro, no pleito de 15.11.2020. Diplomado em 16.12.2020. Empossado em 01.01.2021.","usarapelido":0},"resultado":{},"sequencia":1,"vinculopai":{},"complemento":"Inclusa na pauta da sess\u00e3o ordin\u00e1ria de 24.05.2021.","destinatario":{"id":8,"nome":"Presid\u00eancia","ativo":1,"versao":1,"apelido":"Presid\u00eancia","publicar":0,"__model__":"Autor","tipoautor":9,"legislativo":0,"observacoes":null,"usarapelido":0},"respostadata":"2021-05-24T00:00:00Z","documentovinculado":{},"respostaobservacoes":"Lida no Expediente, remetida \u00e0 Ordem do dia.","remetenteusarapelido":0,"destinatariousarapelido":0,"respostadocumentovinculado":{}}}},"timestamp":"2021-05-12T23:00:00-04:00","data_tramitacao":"2021-05-13","data_encaminhamento":"2021-05-13","urgente":false,"turno":"","texto":"Complemento: Inclusa na pauta da sess\u00e3o ordin\u00e1ria de 24.05.2021.\nData da Resposta: 24/05/2021\nResposta Observa\u00e7\u00f5es: Lida no Expediente, remetida \u00e0 Ordem do dia.","data_fim_prazo":null,"ip":"","ultima_edicao":null,"status":41,"materia":20766,"unidade_tramitacao_local":32,"unidade_tramitacao_destino":8,"user":null}