{"id":11972,"__str__":"Indica\u00e7\u00e3o n\u00ba 99 de 2021 | Encaminhamento de Expediente | 02/08/2021","link_detail_backend":"/materia/tramitacao/11972","metadata":{"old_system":{"value":{"id":11972,"versao":0,"objetivo":{},"publicar":1,"__model__":"Tramitacao","dataenvio":"2021-08-02T00:00:00Z","dataprazo":null,"documento":{"id":21225,"ano":2021,"data":"2021-08-02T00:00:00Z","flag1":null,"valor":null,"numero":99,"quorum":null,"regime":6,"versao":0,"assunto":"Indicam ao Poder Executivo a instala\u00e7\u00e3o de sem\u00e1foro nos cruzamentos da Avenida Brasil com Avenida Rio Grande do Sul e Rua Porto Velho, bem como  nas duas pistas da Avenida Olacyr Francisco de Moraes, na altura do Supermercado Big Master.","subtipo":null,"votacao":null,"publicar":1,"situacao":16,"__model__":"Documento","descricao":"Indica\u00e7\u00e3o N\u00ba 99/2021","discussao":null,"anoprocesso":null,"complemento":null,"observacoes":"","anoadicional":null,"dataadicional":null,"identificacao":null,"tipodocumento":135,"numeroprocesso":null,"numeroadicional":null,"descricaocompleta":"Indica\u00e7\u00e3o N\u00ba 99/2021","complementoprocesso":null,"complementoadicional":null},"remetente":{"id":659,"nome":"FABIO AGUIAR","ativo":1,"versao":0,"apelido":"FABIO DO AGEM","publicar":1,"__model__":"Autor","tipoautor":3,"legislativo":1,"observacoes":"1. Eleito com 676 votos pelo Partido Podemos no pleito de 15.11.2020. Diplomado em 16.12.2020. Empossado em 01.01.2021.\r\n2. Exerceu o cargo de 2\u00ba Secret\u00e1rio da Mesa Diretora no anu\u00eanio 2021.","usarapelido":0},"resultado":{},"sequencia":1,"vinculopai":{},"complemento":"Inclusa na pauta da sess\u00e3o ordin\u00e1ria do dia 02.08.2021.","destinatario":{"id":8,"nome":"Presid\u00eancia","ativo":1,"versao":1,"apelido":"Presid\u00eancia","publicar":0,"__model__":"Autor","tipoautor":9,"legislativo":0,"observacoes":null,"usarapelido":0},"respostadata":"2021-08-02T00:00:00Z","documentovinculado":{},"respostaobservacoes":"Lida e aprovada no expediente.","remetenteusarapelido":0,"destinatariousarapelido":0,"respostadocumentovinculado":{}}}},"timestamp":"2021-08-01T23:00:00-04:00","data_tramitacao":"2021-08-02","data_encaminhamento":"2021-08-02","urgente":false,"turno":"","texto":"Complemento: Inclusa na pauta da sess\u00e3o ordin\u00e1ria do dia 02.08.2021.\nData da Resposta: 02/08/2021\nResposta Observa\u00e7\u00f5es: Lida e aprovada no expediente.","data_fim_prazo":null,"ip":"","ultima_edicao":null,"status":41,"materia":21225,"unidade_tramitacao_local":659,"unidade_tramitacao_destino":8,"user":null}