{"id":12137,"__str__":"Projeto de Lei Legislativo n\u00ba 5 de 2021 | Encaminhamento de Expediente | 30/09/2021","link_detail_backend":"/materia/tramitacao/12137","metadata":{"old_system":{"value":{"id":12137,"versao":0,"objetivo":{},"publicar":1,"__model__":"Tramitacao","dataenvio":"2021-09-30T00:00:00Z","dataprazo":null,"documento":{"id":21502,"ano":2021,"data":"2021-09-30T00:00:00Z","flag1":null,"valor":null,"numero":5,"quorum":27,"regime":6,"versao":0,"assunto":"Altera dispositivos da Lei Municipal n\u00ba 1.861, de 27 de dezembro de 2016, que disp\u00f5e sobre a comercializa\u00e7\u00e3o de alimentos em vias e logradouros p\u00fablicos e \u00e1reas particulares de modo estacion\u00e1rio e itinerante, e d\u00e1 outras provid\u00eancias.","subtipo":208,"votacao":null,"publicar":1,"situacao":334,"__model__":"Documento","descricao":"Projeto de Lei N\u00ba 5L/2021","discussao":null,"anoprocesso":null,"complemento":"L","observacoes":"","anoadicional":null,"dataadicional":null,"identificacao":null,"tipodocumento":129,"numeroprocesso":null,"numeroadicional":null,"descricaocompleta":"Projeto de Lei N\u00ba 5L/2021","complementoprocesso":null,"complementoadicional":null},"remetente":{"id":419,"nome":"JOAQUIM PEREIRA DOS SANTOS","ativo":1,"versao":0,"apelido":"JOAQUIM EQUIP","publicar":1,"__model__":"Autor","tipoautor":3,"legislativo":1,"observacoes":"1. Eleito com 422 pelo Partido Progressistas no pleito de 15.11.2020. Diplomado em 16.12.2020. Empossado em 01.01.2021.\r\n2. Exerceu o cargo de Vice-Presidente da Mesa Diretora no anu\u00eanio 2021.","usarapelido":0},"resultado":{},"sequencia":1,"vinculopai":{},"complemento":"Incluso na pauta da sess\u00e3o ordin\u00e1ria do dia 04.10.2021.","destinatario":{"id":8,"nome":"Presid\u00eancia","ativo":1,"versao":1,"apelido":"Presid\u00eancia","publicar":0,"__model__":"Autor","tipoautor":9,"legislativo":0,"observacoes":null,"usarapelido":0},"respostadata":"2021-10-04T00:00:00Z","documentovinculado":{},"respostaobservacoes":"Lido no Expediente, distribu\u00eddo \u00e0s Comiss\u00f5es para parecer (CLJRF, CDEICS).","remetenteusarapelido":0,"destinatariousarapelido":0,"respostadocumentovinculado":{}}}},"timestamp":"2021-09-29T23:00:00-04:00","data_tramitacao":"2021-09-30","data_encaminhamento":"2021-09-30","urgente":false,"turno":"","texto":"Complemento: Incluso na pauta da sess\u00e3o ordin\u00e1ria do dia 04.10.2021.\nData da Resposta: 04/10/2021\nResposta Observa\u00e7\u00f5es: Lido no Expediente, distribu\u00eddo \u00e0s Comiss\u00f5es para parecer (CLJRF, CDEICS).","data_fim_prazo":null,"ip":"","ultima_edicao":null,"status":41,"materia":21502,"unidade_tramitacao_local":419,"unidade_tramitacao_destino":8,"user":null}