{"id":12212,"__str__":"Projeto de Lei Executivo n\u00ba 86 de 2021 | Encaminhamento de Expediente | 25/10/2021","link_detail_backend":"/materia/tramitacao/12212","metadata":{"old_system":{"value":{"id":12212,"versao":0,"objetivo":{},"publicar":1,"__model__":"Tramitacao","dataenvio":"2021-10-25T00:00:00Z","dataprazo":null,"documento":{"id":21494,"ano":2021,"data":"2021-09-29T00:00:00Z","flag1":null,"valor":null,"numero":86,"quorum":27,"regime":6,"versao":0,"assunto":"Disp\u00f5e sobre a denomina\u00e7\u00e3o da pra\u00e7a localizada na quadra 24 da Avenida Minas Gerais, no Bairro Olenka, com \u00e1rea de 14.400 m\u00b2, e d\u00e1 outras provid\u00eancias.","subtipo":209,"votacao":null,"publicar":1,"situacao":334,"__model__":"Documento","descricao":"Projeto de Lei N\u00ba 86/2021","discussao":null,"anoprocesso":null,"complemento":null,"observacoes":"","anoadicional":null,"dataadicional":null,"identificacao":null,"tipodocumento":129,"numeroprocesso":null,"numeroadicional":null,"descricaocompleta":"Projeto de Lei N\u00ba 86/2021","complementoprocesso":null,"complementoadicional":null},"remetente":{"id":8,"nome":"Presid\u00eancia","ativo":1,"versao":1,"apelido":"Presid\u00eancia","publicar":0,"__model__":"Autor","tipoautor":9,"legislativo":0,"observacoes":null,"usarapelido":0},"resultado":{},"sequencia":5,"vinculopai":{},"complemento":"Incluso na pauta da ordem do dia da sess\u00e3o ordin\u00e1ria de 03.11.2021.","destinatario":{"id":10,"nome":"Plen\u00e1rio","ativo":1,"versao":1,"apelido":"Plen\u00e1rio","publicar":0,"__model__":"Autor","tipoautor":9,"legislativo":0,"observacoes":null,"usarapelido":0},"respostadata":"2021-11-03T00:00:00Z","documentovinculado":{},"respostaobservacoes":"Aprovado em segunda discuss\u00e3o, segue \u00e0 san\u00e7\u00e3o.","remetenteusarapelido":0,"destinatariousarapelido":0,"respostadocumentovinculado":{}}}},"timestamp":"2021-10-24T23:00:00-04:00","data_tramitacao":"2021-10-25","data_encaminhamento":"2021-10-25","urgente":false,"turno":"","texto":"Complemento: Incluso na pauta da ordem do dia da sess\u00e3o ordin\u00e1ria de 03.11.2021.\nData da Resposta: 03/11/2021\nResposta Observa\u00e7\u00f5es: Aprovado em segunda discuss\u00e3o, segue \u00e0 san\u00e7\u00e3o.","data_fim_prazo":null,"ip":"","ultima_edicao":null,"status":41,"materia":21494,"unidade_tramitacao_local":8,"unidade_tramitacao_destino":10,"user":null}