{"id":12357,"__str__":"Projeto de Lei Executivo n\u00ba 112 de 2021 | Encaminhamento de Expediente | 03/12/2021","link_detail_backend":"/materia/tramitacao/12357","metadata":{"old_system":{"value":{"id":12357,"versao":0,"objetivo":{},"publicar":1,"__model__":"Tramitacao","dataenvio":"2021-12-03T00:00:00Z","dataprazo":null,"documento":{"id":21808,"ano":2021,"data":"2021-11-23T00:00:00Z","flag1":null,"valor":null,"numero":112,"quorum":27,"regime":6,"versao":0,"assunto":"Altera  o art. 58-A da Lei Municipal n\u00ba 1.170, de 09.05.2007, que disp\u00f5e sobre a reestrutura\u00e7\u00e3o do FUNSEM - Fundo de Previd\u00eancia dos Servidores Municipais de Campo Novo do Parecis, e d\u00e1 outras provid\u00eancias","subtipo":209,"votacao":null,"publicar":1,"situacao":334,"__model__":"Documento","descricao":"Projeto de Lei N\u00ba 112/2021","discussao":null,"anoprocesso":null,"complemento":null,"observacoes":"","anoadicional":null,"dataadicional":null,"identificacao":null,"tipodocumento":129,"numeroprocesso":null,"numeroadicional":null,"descricaocompleta":"Projeto de Lei N\u00ba 112/2021","complementoprocesso":null,"complementoadicional":null},"remetente":{"id":8,"nome":"Presid\u00eancia","ativo":1,"versao":1,"apelido":"Presid\u00eancia","publicar":0,"__model__":"Autor","tipoautor":9,"legislativo":0,"observacoes":null,"usarapelido":0},"resultado":{},"sequencia":5,"vinculopai":{},"complemento":"Remetido \u00e0 ordem do dia da sess\u00e3o de 06.12.2021.","destinatario":{"id":10,"nome":"Plen\u00e1rio","ativo":1,"versao":1,"apelido":"Plen\u00e1rio","publicar":0,"__model__":"Autor","tipoautor":9,"legislativo":0,"observacoes":null,"usarapelido":0},"respostadata":"2021-12-06T00:00:00Z","documentovinculado":{},"respostaobservacoes":"ORDEM DO DIA - aprovado em discuss\u00e3o \u00fanica por 7x0 votos, segue \u00e0 san\u00e7\u00e3o.","remetenteusarapelido":0,"destinatariousarapelido":0,"respostadocumentovinculado":{}}}},"timestamp":"2021-12-02T23:00:00-04:00","data_tramitacao":"2021-12-03","data_encaminhamento":"2021-12-03","urgente":false,"turno":"","texto":"Complemento: Remetido \u00e0 ordem do dia da sess\u00e3o de 06.12.2021.\nData da Resposta: 06/12/2021\nResposta Observa\u00e7\u00f5es: ORDEM DO DIA - aprovado em discuss\u00e3o \u00fanica por 7x0 votos, segue \u00e0 san\u00e7\u00e3o.","data_fim_prazo":null,"ip":"","ultima_edicao":null,"status":41,"materia":21808,"unidade_tramitacao_local":8,"unidade_tramitacao_destino":10,"user":null}