{"id":13012,"__str__":"Indica\u00e7\u00e3o n\u00ba 198 de 2022 | Encaminhamento de Expediente | 01/06/2022","link_detail_backend":"/materia/tramitacao/13012","metadata":{"old_system":{"value":{"id":13012,"versao":0,"objetivo":{},"publicar":1,"__model__":"Tramitacao","dataenvio":"2022-06-01T00:00:00Z","dataprazo":null,"documento":{"id":22819,"ano":2022,"data":"2022-06-02T00:00:00Z","flag1":null,"valor":null,"numero":198,"quorum":null,"regime":6,"versao":0,"assunto":"Indicam ao Poder Executivo que intervenha junto a Sinfra \u2013 Secretaria de Estado de Infraestrutura e Log\u00edstica do Mato Grosso, para viabilizar a instala\u00e7\u00e3o de lombada eletr\u00f4nica ou outro dispositivo de redu\u00e7\u00e3o de velocidade nas proximidades da rotat\u00f3ria da Av. Andr\u00e9 Ant\u00f4nio Maggi, travessia urbana da Rodovia MT-235.","subtipo":null,"votacao":null,"publicar":1,"situacao":16,"__model__":"Documento","descricao":"Indica\u00e7\u00e3o N\u00ba 198/2022","discussao":null,"anoprocesso":null,"complemento":null,"observacoes":"","anoadicional":null,"dataadicional":null,"identificacao":null,"tipodocumento":135,"numeroprocesso":null,"numeroadicional":null,"descricaocompleta":"Indica\u00e7\u00e3o N\u00ba 198/2022","complementoprocesso":null,"complementoadicional":null},"remetente":{"id":419,"nome":"JOAQUIM PEREIRA DOS SANTOS","ativo":1,"versao":0,"apelido":"JOAQUIM EQUIP","publicar":1,"__model__":"Autor","tipoautor":3,"legislativo":1,"observacoes":"1. Eleito com 422 pelo Partido Progressistas no pleito de 15.11.2020. Diplomado em 16.12.2020. Empossado em 01.01.2021.\r\n2. Exerceu o cargo de Vice-Presidente da Mesa Diretora no anu\u00eanio 2021.","usarapelido":0},"resultado":{},"sequencia":1,"vinculopai":{},"complemento":"Inclusa na pauta da sess\u00e3o ordin\u00e1ria do dia 06.06.2022.","destinatario":{"id":8,"nome":"Presid\u00eancia","ativo":1,"versao":1,"apelido":"Presid\u00eancia","publicar":0,"__model__":"Autor","tipoautor":9,"legislativo":0,"observacoes":null,"usarapelido":0},"respostadata":"2022-06-06T00:00:00Z","documentovinculado":{},"respostaobservacoes":"Lida e declarada aprovada no Expediente.","remetenteusarapelido":0,"destinatariousarapelido":0,"respostadocumentovinculado":{}}}},"timestamp":"2022-05-31T23:00:00-04:00","data_tramitacao":"2022-06-01","data_encaminhamento":"2022-06-01","urgente":false,"turno":"","texto":"Complemento: Inclusa na pauta da sess\u00e3o ordin\u00e1ria do dia 06.06.2022.\nData da Resposta: 06/06/2022\nResposta Observa\u00e7\u00f5es: Lida e declarada aprovada no Expediente.","data_fim_prazo":null,"ip":"","ultima_edicao":null,"status":41,"materia":22819,"unidade_tramitacao_local":419,"unidade_tramitacao_destino":8,"user":null}