{"id":13177,"__str__":"Indica\u00e7\u00e3o n\u00ba 209 de 2022 | Encaminhamento de Expediente | 07/07/2022","link_detail_backend":"/materia/tramitacao/13177","metadata":{"old_system":{"value":{"id":13177,"versao":0,"objetivo":{},"publicar":1,"__model__":"Tramitacao","dataenvio":"2022-07-07T00:00:00Z","dataprazo":null,"documento":{"id":23037,"ano":2022,"data":"2022-07-07T00:00:00Z","flag1":null,"valor":null,"numero":209,"quorum":null,"regime":6,"versao":0,"assunto":"Indica ao Poder Executivo o encaminhamento de projeto de lei  \u00e0 C\u00e2mara Municipal para adequa\u00e7\u00e3o dos vencimentos dos agentes comunit\u00e1rios de sa\u00fade e agentes de combate a endemias, nos termos da Emenda Constitucional n\u00ba 120, de 5 de maio de 2022.","subtipo":null,"votacao":null,"publicar":1,"situacao":16,"__model__":"Documento","descricao":"Indica\u00e7\u00e3o N\u00ba 209/2022","discussao":null,"anoprocesso":null,"complemento":null,"observacoes":"","anoadicional":null,"dataadicional":null,"identificacao":null,"tipodocumento":135,"numeroprocesso":null,"numeroadicional":null,"descricaocompleta":"Indica\u00e7\u00e3o N\u00ba 209/2022","complementoprocesso":null,"complementoadicional":null},"remetente":{"id":533,"nome":"JORGE ITAMAR RODRIGUES","ativo":0,"versao":0,"apelido":"ITAMAR","publicar":0,"__model__":"Autor","tipoautor":3,"legislativo":1,"observacoes":"1.Eleito com 131 votos pela legenda do PMDB - Partido do Movimento Democr\u00e1tico Brasileiro no pleito de 03.10.1996. Eleito e empossado em 01.01.1997.\r\n\r\n2. Reeleito com 704 votos pela Coliga\u00e7\u00e3o Unidos por Campo Novo 1, pelo PPS, no pleito de 01.10.2000. Empossado em 01.01.2001.\r\n\r\n3. Reeleito com 396 votos pelo Partido Social Crist\u00e3o - PSC no pleito de 15.11.2020. Empossado em 01.01.2021","usarapelido":0},"resultado":{},"sequencia":1,"vinculopai":{},"complemento":"Inclusa na pauta da sess\u00e3o ordin\u00e1ria do dia 11.07.2022","destinatario":{"id":8,"nome":"Presid\u00eancia","ativo":1,"versao":1,"apelido":"Presid\u00eancia","publicar":0,"__model__":"Autor","tipoautor":9,"legislativo":0,"observacoes":null,"usarapelido":0},"respostadata":"2022-07-11T00:00:00Z","documentovinculado":{},"respostaobservacoes":"Lida e declarada aprovada no Expediente.","remetenteusarapelido":0,"destinatariousarapelido":0,"respostadocumentovinculado":{}}}},"timestamp":"2022-07-06T23:00:00-04:00","data_tramitacao":"2022-07-07","data_encaminhamento":"2022-07-07","urgente":false,"turno":"","texto":"Complemento: Inclusa na pauta da sess\u00e3o ordin\u00e1ria do dia 11.07.2022\nData da Resposta: 11/07/2022\nResposta Observa\u00e7\u00f5es: Lida e declarada aprovada no Expediente.","data_fim_prazo":null,"ip":"","ultima_edicao":null,"status":41,"materia":23037,"unidade_tramitacao_local":533,"unidade_tramitacao_destino":8,"user":null}