{"id":13191,"__str__":"Projeto de Lei Complementar Executivo n\u00ba 6 de 2022 | Encaminhamento de Expediente | 05/07/2022","link_detail_backend":"/materia/tramitacao/13191","metadata":{"old_system":{"value":{"id":13191,"versao":0,"objetivo":{},"publicar":1,"__model__":"Tramitacao","dataenvio":"2022-07-05T00:00:00Z","dataprazo":null,"documento":{"id":22909,"ano":2022,"data":"2022-05-24T00:00:00Z","flag1":null,"valor":null,"numero":6,"quorum":25,"regime":5,"versao":0,"assunto":"Acrescenta atividades no Anexo III, altera os incisos I, II, III e altera o art. 139 da Lei Complementar n\u00ba 078, de 24 de maio de 2017, que disp\u00f5e sobre a cria\u00e7\u00e3o do C\u00f3digo Municipal de Meio Ambiente de Campo Novo do Parecis, e d\u00e1 outras provid\u00eancias.","subtipo":211,"votacao":null,"publicar":1,"situacao":334,"__model__":"Documento","descricao":"Projeto de Lei Complementar N\u00ba 6/2022","discussao":null,"anoprocesso":null,"complemento":null,"observacoes":"","anoadicional":null,"dataadicional":null,"identificacao":null,"tipodocumento":130,"numeroprocesso":null,"numeroadicional":null,"descricaocompleta":"Projeto de Lei Complementar N\u00ba 6/2022","complementoprocesso":null,"complementoadicional":null},"remetente":{"id":8,"nome":"Presid\u00eancia","ativo":1,"versao":1,"apelido":"Presid\u00eancia","publicar":0,"__model__":"Autor","tipoautor":9,"legislativo":0,"observacoes":null,"usarapelido":0},"resultado":{},"sequencia":8,"vinculopai":{},"complemento":"ORDEM DO DIA - Aprovado em discuss\u00e3o \u00fanica por 6x0 votos, segue \u00e0 san\u00e7\u00e3o.","destinatario":{"id":10,"nome":"Plen\u00e1rio","ativo":1,"versao":1,"apelido":"Plen\u00e1rio","publicar":0,"__model__":"Autor","tipoautor":9,"legislativo":0,"observacoes":null,"usarapelido":0},"respostadata":null,"documentovinculado":{},"respostaobservacoes":"","remetenteusarapelido":0,"destinatariousarapelido":0,"respostadocumentovinculado":{}}}},"timestamp":"2022-07-04T23:00:00-04:00","data_tramitacao":"2022-07-05","data_encaminhamento":"2022-07-05","urgente":false,"turno":"","texto":"Complemento: ORDEM DO DIA - Aprovado em discuss\u00e3o \u00fanica por 6x0 votos, segue \u00e0 san\u00e7\u00e3o.","data_fim_prazo":null,"ip":"","ultima_edicao":null,"status":41,"materia":22909,"unidade_tramitacao_local":8,"unidade_tramitacao_destino":10,"user":null}