{"id":13421,"__str__":"Veto Parcial n\u00ba 100 de 2022 | Encaminhamento de Expediente | 06/09/2022","link_detail_backend":"/materia/tramitacao/13421","metadata":{"old_system":{"value":{"id":13421,"versao":0,"objetivo":{},"publicar":1,"__model__":"Tramitacao","dataenvio":"2022-09-06T00:00:00Z","dataprazo":null,"documento":{"id":23287,"ano":2022,"data":"2022-08-23T00:00:00Z","flag1":null,"valor":null,"numero":1,"quorum":25,"regime":null,"versao":0,"assunto":"Veto ao Projeto de Lei N\u00ba 19L/2022 - Assegura \u00e0s pessoas com defici\u00eancia auditiva o direito a atendimento por int\u00e9rprete de LIBRAS nos \u00f3rg\u00e3os e entidades da administra\u00e7\u00e3o p\u00fablica, direta e indireta, e  empresas concession\u00e1rias de servi\u00e7os p\u00fablicos, bem como em eventos p\u00fablicos, no \u00e2mbito do Munic\u00edpio de Campo Novo do Parecis.","subtipo":435,"votacao":null,"publicar":1,"situacao":259,"__model__":"Documento","descricao":"Veto N\u00ba 1/2022","discussao":null,"anoprocesso":null,"complemento":null,"observacoes":"","anoadicional":null,"dataadicional":null,"identificacao":null,"tipodocumento":126,"numeroprocesso":null,"numeroadicional":null,"descricaocompleta":"Veto N\u00ba 1/2022 ao Projeto de Lei N\u00ba 19L/2022","complementoprocesso":null,"complementoadicional":null},"remetente":{"id":8,"nome":"Presid\u00eancia","ativo":1,"versao":1,"apelido":"Presid\u00eancia","publicar":0,"__model__":"Autor","tipoautor":9,"legislativo":0,"observacoes":null,"usarapelido":0},"resultado":{},"sequencia":2,"vinculopai":{},"complemento":"","destinatario":{"id":4,"nome":"Jur\u00eddico","ativo":1,"versao":1,"apelido":"Jur\u00eddico","publicar":0,"__model__":"Autor","tipoautor":9,"legislativo":0,"observacoes":null,"usarapelido":0},"respostadata":"2022-09-26T00:00:00Z","documentovinculado":{},"respostaobservacoes":"Parecer jur\u00eddico","remetenteusarapelido":0,"destinatariousarapelido":0,"respostadocumentovinculado":{}}}},"timestamp":"2022-09-05T23:00:00-04:00","data_tramitacao":"2022-09-06","data_encaminhamento":"2022-09-06","urgente":false,"turno":"","texto":"Data da Resposta: 26/09/2022\nResposta Observa\u00e7\u00f5es: Parecer jur\u00eddico","data_fim_prazo":null,"ip":"","ultima_edicao":null,"status":41,"materia":23287,"unidade_tramitacao_local":8,"unidade_tramitacao_destino":4,"user":null}