{"id":13506,"__str__":"Projeto de Lei Complementar Executivo n\u00ba 16 de 2022 | Encaminhamento de Expediente | 26/09/2022","link_detail_backend":"/materia/tramitacao/13506","metadata":{"old_system":{"value":{"id":13506,"versao":0,"objetivo":{},"publicar":1,"__model__":"Tramitacao","dataenvio":"2022-09-26T00:00:00Z","dataprazo":"2022-09-26T00:00:00Z","documento":{"id":23379,"ano":2022,"data":"2022-09-09T00:00:00Z","flag1":null,"valor":null,"numero":16,"quorum":25,"regime":5,"versao":0,"assunto":"Altera o inciso IV e o caput do art. 58 e os Anexos I e II da Lei Complementar Municipal n\u00ba 21, de 8 de abril de 2009, que disp\u00f5e sobre a altera\u00e7\u00e3o, cria\u00e7\u00e3o, estrutura\u00e7\u00e3o e atribui\u00e7\u00f5es dos \u00f3rg\u00e3os do Poder Executivo do Munic\u00edpio de Campo Novo do Parecis, bem como, cria\u00e7\u00e3o e extin\u00e7\u00e3o de cargos comissionados e suas remunera\u00e7\u00f5es, fixa princ\u00edpios e diretrizes de gest\u00e3o, e d\u00e1 outras provid\u00eancias.","subtipo":211,"votacao":null,"publicar":1,"situacao":334,"__model__":"Documento","descricao":"Projeto de Lei Complementar N\u00ba 16/2022","discussao":null,"anoprocesso":null,"complemento":null,"observacoes":"","anoadicional":null,"dataadicional":null,"identificacao":null,"tipodocumento":130,"numeroprocesso":null,"numeroadicional":null,"descricaocompleta":"Projeto de Lei Complementar N\u00ba 16/2022","complementoprocesso":null,"complementoadicional":null},"remetente":{"id":8,"nome":"Presid\u00eancia","ativo":1,"versao":1,"apelido":"Presid\u00eancia","publicar":0,"__model__":"Autor","tipoautor":9,"legislativo":0,"observacoes":null,"usarapelido":0},"resultado":{},"sequencia":3,"vinculopai":{},"complemento":"","destinatario":{"id":390,"nome":"CLJRF e CFO","ativo":1,"versao":1,"apelido":"CLJRF e CFO","publicar":1,"__model__":"Autor","tipoautor":2,"legislativo":0,"observacoes":"","usarapelido":0},"respostadata":"2022-09-26T00:00:00Z","documentovinculado":{},"respostaobservacoes":"Parecer conjunto favor\u00e1vel","remetenteusarapelido":0,"destinatariousarapelido":0,"respostadocumentovinculado":{}}}},"timestamp":"2022-09-25T23:00:00-04:00","data_tramitacao":"2022-09-26","data_encaminhamento":"2022-09-26","urgente":false,"turno":"","texto":"Data da Resposta: 26/09/2022\nResposta Observa\u00e7\u00f5es: Parecer conjunto favor\u00e1vel","data_fim_prazo":"2022-09-26","ip":"","ultima_edicao":null,"status":41,"materia":23379,"unidade_tramitacao_local":8,"unidade_tramitacao_destino":390,"user":null}