{"id":13585,"__str__":"Indica\u00e7\u00e3o n\u00ba 232 de 2022 | Encaminhamento de Expediente | 26/09/2022","link_detail_backend":"/materia/tramitacao/13585","metadata":{"old_system":{"value":{"id":13585,"versao":0,"objetivo":{},"publicar":1,"__model__":"Tramitacao","dataenvio":"2022-09-26T00:00:00Z","dataprazo":null,"documento":{"id":23476,"ano":2022,"data":"2022-09-26T00:00:00Z","flag1":null,"valor":null,"numero":232,"quorum":null,"regime":6,"versao":0,"assunto":"Indica ao Poder Executivo a contrata\u00e7\u00e3o de um Int\u00e9rprete de Libras para atuar no Pa\u00e7o Municipal Euclides Horst.","subtipo":null,"votacao":null,"publicar":1,"situacao":16,"__model__":"Documento","descricao":"Indica\u00e7\u00e3o N\u00ba 232/2022","discussao":null,"anoprocesso":null,"complemento":null,"observacoes":"","anoadicional":null,"dataadicional":null,"identificacao":null,"tipodocumento":135,"numeroprocesso":null,"numeroadicional":null,"descricaocompleta":"Indica\u00e7\u00e3o N\u00ba 232/2022","complementoprocesso":null,"complementoadicional":null},"remetente":{"id":659,"nome":"FABIO AGUIAR","ativo":1,"versao":0,"apelido":"FABIO DO AGEM","publicar":1,"__model__":"Autor","tipoautor":3,"legislativo":1,"observacoes":"1. Eleito com 676 votos pelo Partido Podemos no pleito de 15.11.2020. Diplomado em 16.12.2020. Empossado em 01.01.2021.\r\n2. Exerceu o cargo de 2\u00ba Secret\u00e1rio da Mesa Diretora no anu\u00eanio 2021.","usarapelido":0},"resultado":{},"sequencia":1,"vinculopai":{},"complemento":"Inclusa na pauta da sess\u00e3o ordin\u00e1ria do dia 26.09.2022","destinatario":{"id":8,"nome":"Presid\u00eancia","ativo":1,"versao":1,"apelido":"Presid\u00eancia","publicar":0,"__model__":"Autor","tipoautor":9,"legislativo":0,"observacoes":null,"usarapelido":0},"respostadata":"2022-09-26T00:00:00Z","documentovinculado":{},"respostaobservacoes":"Lida e declarada aprovada pelo Presidente","remetenteusarapelido":0,"destinatariousarapelido":0,"respostadocumentovinculado":{}}}},"timestamp":"2022-09-25T23:00:00-04:00","data_tramitacao":"2022-09-26","data_encaminhamento":"2022-09-26","urgente":false,"turno":"","texto":"Complemento: Inclusa na pauta da sess\u00e3o ordin\u00e1ria do dia 26.09.2022\nData da Resposta: 26/09/2022\nResposta Observa\u00e7\u00f5es: Lida e declarada aprovada pelo Presidente","data_fim_prazo":null,"ip":"","ultima_edicao":null,"status":41,"materia":23476,"unidade_tramitacao_local":659,"unidade_tramitacao_destino":8,"user":null}