{"id":14090,"__str__":"Projeto de Lei Executivo n\u00ba 5 de 2023 | Encaminhamento de Expediente | 27/02/2023","link_detail_backend":"/materia/tramitacao/14090","metadata":{"old_system":{"value":{"id":14090,"versao":0,"objetivo":{},"publicar":1,"__model__":"Tramitacao","dataenvio":"2023-02-27T00:00:00Z","dataprazo":null,"documento":{"id":24055,"ano":2023,"data":"2023-02-10T00:00:00Z","flag1":null,"valor":null,"numero":5,"quorum":27,"regime":5,"versao":0,"assunto":"Disp\u00f5e sobre o Sistema \u00danico de Assist\u00eancia Social do Munic\u00edpio de Campo Novo do Parecis/MT, estabelece regras para composi\u00e7\u00e3o e funcionamento do Conselho e do Fundo Municipal de Assist\u00eancia Social.","subtipo":209,"votacao":null,"publicar":1,"situacao":334,"__model__":"Documento","descricao":"Projeto de Lei N\u00ba 5/2023","discussao":null,"anoprocesso":null,"complemento":null,"observacoes":"","anoadicional":null,"dataadicional":null,"identificacao":null,"tipodocumento":129,"numeroprocesso":null,"numeroadicional":null,"descricaocompleta":"Projeto de Lei N\u00ba 5/2023","complementoprocesso":null,"complementoadicional":null},"remetente":{"id":8,"nome":"Presid\u00eancia","ativo":1,"versao":1,"apelido":"Presid\u00eancia","publicar":0,"__model__":"Autor","tipoautor":9,"legislativo":0,"observacoes":null,"usarapelido":0},"resultado":{},"sequencia":4,"vinculopai":{},"complemento":"ORDEM DO DIA - Aprovado em discuss\u00e3o \u00fanica por 8x0 votos, segue \u00e0 san\u00e7\u00e3o.","destinatario":{"id":10,"nome":"Plen\u00e1rio","ativo":1,"versao":1,"apelido":"Plen\u00e1rio","publicar":0,"__model__":"Autor","tipoautor":9,"legislativo":0,"observacoes":null,"usarapelido":0},"respostadata":null,"documentovinculado":{},"respostaobservacoes":"","remetenteusarapelido":0,"destinatariousarapelido":0,"respostadocumentovinculado":{}}}},"timestamp":"2023-02-26T23:00:00-04:00","data_tramitacao":"2023-02-27","data_encaminhamento":"2023-02-27","urgente":false,"turno":"","texto":"Complemento: ORDEM DO DIA - Aprovado em discuss\u00e3o \u00fanica por 8x0 votos, segue \u00e0 san\u00e7\u00e3o.","data_fim_prazo":null,"ip":"","ultima_edicao":null,"status":41,"materia":24055,"unidade_tramitacao_local":8,"unidade_tramitacao_destino":10,"user":null}