{"id":14204,"__str__":"Projeto de Decreto Legislativo Vereador n\u00ba 15 de 2023 | Encaminhamento de Expediente | 09/03/2023","link_detail_backend":"/materia/tramitacao/14204","metadata":{"old_system":{"value":{"id":14204,"versao":0,"objetivo":{},"publicar":1,"__model__":"Tramitacao","dataenvio":"2023-03-09T00:00:00Z","dataprazo":null,"documento":{"id":24206,"ano":2023,"data":"2023-03-09T00:00:00Z","flag1":null,"valor":null,"numero":15,"quorum":26,"regime":6,"versao":0,"assunto":"Concede o T\u00edtulo de Cidad\u00e3 Honor\u00e1ria Camponovense \u00e0 Senhora Elisangela Borges de Freitas Forestieri, e d\u00e1 outras provid\u00eancias.","subtipo":215,"votacao":null,"publicar":1,"situacao":259,"__model__":"Documento","descricao":"Projeto de Decreto Legislativo N\u00ba 15/2023","discussao":null,"anoprocesso":null,"complemento":null,"observacoes":"","anoadicional":null,"dataadicional":null,"identificacao":null,"tipodocumento":131,"numeroprocesso":null,"numeroadicional":null,"descricaocompleta":"Projeto de Decreto Legislativo N\u00ba 15/2023","complementoprocesso":null,"complementoadicional":null},"remetente":{"id":659,"nome":"FABIO AGUIAR","ativo":1,"versao":0,"apelido":"FABIO DO AGEM","publicar":1,"__model__":"Autor","tipoautor":3,"legislativo":1,"observacoes":"1. Eleito com 676 votos pelo Partido Podemos no pleito de 15.11.2020. Diplomado em 16.12.2020. Empossado em 01.01.2021.\r\n2. Exerceu o cargo de 2\u00ba Secret\u00e1rio da Mesa Diretora no anu\u00eanio 2021.","usarapelido":0},"resultado":{},"sequencia":1,"vinculopai":{},"complemento":"Incluso na pauta da sess\u00e3o ordin\u00e1ria do dia 13.03.2023.","destinatario":{"id":8,"nome":"Presid\u00eancia","ativo":1,"versao":1,"apelido":"Presid\u00eancia","publicar":0,"__model__":"Autor","tipoautor":9,"legislativo":0,"observacoes":null,"usarapelido":0},"respostadata":"2023-03-13T00:00:00Z","documentovinculado":{},"respostaobservacoes":"Apresentado no Expediente, distribu\u00eddo \u00e0 CLJRF para parecer.","remetenteusarapelido":0,"destinatariousarapelido":0,"respostadocumentovinculado":{}}}},"timestamp":"2023-03-08T23:00:00-04:00","data_tramitacao":"2023-03-09","data_encaminhamento":"2023-03-09","urgente":false,"turno":"","texto":"Complemento: Incluso na pauta da sess\u00e3o ordin\u00e1ria do dia 13.03.2023.\nData da Resposta: 13/03/2023\nResposta Observa\u00e7\u00f5es: Apresentado no Expediente, distribu\u00eddo \u00e0 CLJRF para parecer.","data_fim_prazo":null,"ip":"","ultima_edicao":null,"status":41,"materia":24206,"unidade_tramitacao_local":659,"unidade_tramitacao_destino":8,"user":null}