{"id":14448,"__str__":"Projeto de Lei Legislativo n\u00ba 28 de 2023 | Encaminhamento de Expediente | 04/05/2023","link_detail_backend":"/materia/tramitacao/14448","metadata":{"old_system":{"value":{"id":14448,"versao":0,"objetivo":{},"publicar":1,"__model__":"Tramitacao","dataenvio":"2023-05-04T00:00:00Z","dataprazo":null,"documento":{"id":24003,"ano":2023,"data":"2023-01-30T00:00:00Z","flag1":null,"valor":null,"numero":28,"quorum":27,"regime":6,"versao":0,"assunto":"Disp\u00f5e sobre a denomina\u00e7\u00e3o de Unidade B\u00e1sica de Sa\u00fade localizada na sede do Distrito de Marechal Rondon, neste Munic\u00edpio, conforme especifica.","subtipo":208,"votacao":null,"publicar":1,"situacao":334,"__model__":"Documento","descricao":"Projeto de Lei N\u00ba 28L/2023","discussao":null,"anoprocesso":null,"complemento":"L","observacoes":"","anoadicional":null,"dataadicional":null,"identificacao":null,"tipodocumento":129,"numeroprocesso":null,"numeroadicional":null,"descricaocompleta":"Projeto de Lei N\u00ba 28L/2023","complementoprocesso":null,"complementoadicional":null},"remetente":{"id":8,"nome":"Presid\u00eancia","ativo":1,"versao":1,"apelido":"Presid\u00eancia","publicar":0,"__model__":"Autor","tipoautor":9,"legislativo":0,"observacoes":null,"usarapelido":0},"resultado":{},"sequencia":5,"vinculopai":{},"complemento":"Incluso na pauta da Ordem do Dia da sess\u00e3o ordin\u00e1ria do dia 08/05/2023.","destinatario":{"id":10,"nome":"Plen\u00e1rio","ativo":1,"versao":1,"apelido":"Plen\u00e1rio","publicar":0,"__model__":"Autor","tipoautor":9,"legislativo":0,"observacoes":null,"usarapelido":0},"respostadata":"2023-05-08T00:00:00Z","documentovinculado":{},"respostaobservacoes":"ORDEM DO DIA - Aprovado em segunda discuss\u00e3o por 7x0 votos, segue para elabora\u00e7\u00e3o de Aut\u00f3grafo.","remetenteusarapelido":0,"destinatariousarapelido":0,"respostadocumentovinculado":{}}}},"timestamp":"2023-05-03T23:00:00-04:00","data_tramitacao":"2023-05-04","data_encaminhamento":"2023-05-04","urgente":false,"turno":"","texto":"Complemento: Incluso na pauta da Ordem do Dia da sess\u00e3o ordin\u00e1ria do dia 08/05/2023.\nData da Resposta: 08/05/2023\nResposta Observa\u00e7\u00f5es: ORDEM DO DIA - Aprovado em segunda discuss\u00e3o por 7x0 votos, segue para elabora\u00e7\u00e3o de Aut\u00f3grafo.","data_fim_prazo":null,"ip":"","ultima_edicao":null,"status":41,"materia":24003,"unidade_tramitacao_local":8,"unidade_tramitacao_destino":10,"user":null}