{"id":14488,"__str__":"Requerimento n\u00ba 95 de 2023 | Encaminhamento de Expediente | 22/05/2023","link_detail_backend":"/materia/tramitacao/14488","metadata":{"old_system":{"value":{"id":14488,"versao":0,"objetivo":{},"publicar":1,"__model__":"Tramitacao","dataenvio":"2023-05-22T00:00:00Z","dataprazo":"2023-06-07T00:00:00Z","documento":{"id":24459,"ano":2023,"data":"2023-05-08T00:00:00Z","flag1":null,"valor":null,"numero":95,"quorum":null,"regime":6,"versao":0,"assunto":"Requer, ouvido o soberano Plen\u00e1rio, com fundamento no art. 23, XIII, da Lei Org\u00e2nica Municipal, ao Sr. Prefeito Municipal, o encaminhamento a esta Casa de Leis de rela\u00e7\u00e3o de Ades\u00f5es a Atas de Registro de Pre\u00e7o realizadas pela Prefeitura Municipal nos \u00faltimos doze meses, especificando a data, \u00f3rg\u00e3o gerenciador, objeto e valor.","subtipo":null,"votacao":null,"publicar":1,"situacao":259,"__model__":"Documento","descricao":"Requerimento N\u00ba 95/2023","discussao":null,"anoprocesso":null,"complemento":null,"observacoes":"","anoadicional":null,"dataadicional":null,"identificacao":null,"tipodocumento":134,"numeroprocesso":null,"numeroadicional":null,"descricaocompleta":"Requerimento N\u00ba 95/2023","complementoprocesso":null,"complementoadicional":null},"remetente":{"id":8,"nome":"Presid\u00eancia","ativo":1,"versao":1,"apelido":"Presid\u00eancia","publicar":0,"__model__":"Autor","tipoautor":9,"legislativo":0,"observacoes":null,"usarapelido":0},"resultado":{},"sequencia":2,"vinculopai":{},"complemento":"OF\u00cdCIO N\u00ba 030/2023-GP","destinatario":{"id":9,"nome":"Poder Executivo","ativo":1,"versao":1,"apelido":"Poder Executivo","publicar":0,"__model__":"Autor","tipoautor":9,"legislativo":0,"observacoes":null,"usarapelido":0},"respostadata":"2023-06-02T00:00:00Z","documentovinculado":{},"respostaobservacoes":"Of\u00edcio GP N\u00b0 145/2023.","remetenteusarapelido":0,"destinatariousarapelido":0,"respostadocumentovinculado":{}}}},"timestamp":"2023-05-21T23:00:00-04:00","data_tramitacao":"2023-05-22","data_encaminhamento":"2023-05-22","urgente":false,"turno":"","texto":"Complemento: OF\u00cdCIO N\u00ba 030/2023-GP\nData da Resposta: 02/06/2023\nResposta Observa\u00e7\u00f5es: Of\u00edcio GP N\u00b0 145/2023.","data_fim_prazo":"2023-06-07","ip":"","ultima_edicao":null,"status":41,"materia":24459,"unidade_tramitacao_local":8,"unidade_tramitacao_destino":9,"user":null}