{"id":14586,"__str__":"Indica\u00e7\u00e3o n\u00ba 286 de 2023 | Encaminhamento de Expediente | 26/06/2023","link_detail_backend":"/materia/tramitacao/14586","metadata":{"old_system":{"value":{"id":14586,"versao":0,"objetivo":{},"publicar":1,"__model__":"Tramitacao","dataenvio":"2023-06-26T00:00:00Z","dataprazo":null,"documento":{"id":24631,"ano":2023,"data":"2023-06-22T00:00:00Z","flag1":null,"valor":null,"numero":286,"quorum":null,"regime":6,"versao":0,"assunto":"Indicamos ao Poder Executivo a melhoria da ilumina\u00e7\u00e3o p\u00fablica em toda a extens\u00e3o da Av. Olacyr Francisco de Moraes.","subtipo":null,"votacao":null,"publicar":1,"situacao":16,"__model__":"Documento","descricao":"Indica\u00e7\u00e3o N\u00ba 286/2023","discussao":null,"anoprocesso":null,"complemento":null,"observacoes":"","anoadicional":null,"dataadicional":null,"identificacao":null,"tipodocumento":135,"numeroprocesso":null,"numeroadicional":null,"descricaocompleta":"Indica\u00e7\u00e3o N\u00ba 286/2023","complementoprocesso":null,"complementoadicional":null},"remetente":{"id":657,"nome":"LUIZ ROBERTO SEIBERT CORR\u00caA","ativo":1,"versao":0,"apelido":"BEITO MACHADINHO","publicar":1,"__model__":"Autor","tipoautor":3,"legislativo":1,"observacoes":"1. Eleito com 503 votos pelo Democratas - DEM, no pleito de 15.11.2020. Diplomado em 16.12.2020. Empossado em 01.01.2021.\r\n2. Exerceu o cargo de 1\u00ba Secret\u00e1rio da Mesa Diretora no anu\u00eanio 2022.","usarapelido":0},"resultado":{},"sequencia":1,"vinculopai":{},"complemento":"Incluso na pauta da sess\u00e3o ordin\u00e1ria do dia 26 de junho de 2023.","destinatario":{"id":8,"nome":"Presid\u00eancia","ativo":1,"versao":1,"apelido":"Presid\u00eancia","publicar":0,"__model__":"Autor","tipoautor":9,"legislativo":0,"observacoes":null,"usarapelido":0},"respostadata":"2023-06-26T00:00:00Z","documentovinculado":{},"respostaobservacoes":"Lida e declarada aprovada pelo Presidente.","remetenteusarapelido":0,"destinatariousarapelido":0,"respostadocumentovinculado":{}}}},"timestamp":"2023-06-25T23:00:00-04:00","data_tramitacao":"2023-06-26","data_encaminhamento":"2023-06-26","urgente":false,"turno":"","texto":"Complemento: Incluso na pauta da sess\u00e3o ordin\u00e1ria do dia 26 de junho de 2023.\nData da Resposta: 26/06/2023\nResposta Observa\u00e7\u00f5es: Lida e declarada aprovada pelo Presidente.","data_fim_prazo":null,"ip":"","ultima_edicao":null,"status":41,"materia":24631,"unidade_tramitacao_local":657,"unidade_tramitacao_destino":8,"user":null}