{"id":14663,"__str__":"Projeto de Emenda \u00e0 Lei Org\u00e2nica Legislativo n\u00ba 4 de 2023 | Encaminhamento de Expediente | 06/07/2023","link_detail_backend":"/materia/tramitacao/14663","metadata":{"old_system":{"value":{"id":14663,"versao":0,"objetivo":{},"publicar":1,"__model__":"Tramitacao","dataenvio":"2023-07-06T00:00:00Z","dataprazo":null,"documento":{"id":24695,"ano":2023,"data":"2023-06-20T00:00:00Z","flag1":null,"valor":null,"numero":4,"quorum":26,"regime":6,"versao":0,"assunto":"Altera o Art. 99-B da Lei Org\u00e2nica do Munic\u00edpio de Campo Novo do Parecis.","subtipo":220,"votacao":null,"publicar":1,"situacao":259,"__model__":"Documento","descricao":"Projeto de Emenda \u00e0 Lei Org\u00e2nica N\u00ba 4L/2023","discussao":null,"anoprocesso":null,"complemento":"L","observacoes":"","anoadicional":null,"dataadicional":null,"identificacao":null,"tipodocumento":133,"numeroprocesso":null,"numeroadicional":null,"descricaocompleta":"Projeto de Emenda \u00e0 Lei Org\u00e2nica N\u00ba 4L/2023","complementoprocesso":null,"complementoadicional":null},"remetente":{"id":419,"nome":"JOAQUIM PEREIRA DOS SANTOS","ativo":1,"versao":0,"apelido":"JOAQUIM EQUIP","publicar":1,"__model__":"Autor","tipoautor":3,"legislativo":1,"observacoes":"1. Eleito com 422 pelo Partido Progressistas no pleito de 15.11.2020. Diplomado em 16.12.2020. Empossado em 01.01.2021.\r\n2. Exerceu o cargo de Vice-Presidente da Mesa Diretora no anu\u00eanio 2021.","usarapelido":0},"resultado":{},"sequencia":1,"vinculopai":{},"complemento":"Incluso na pauta da sess\u00e3o ordin\u00e1ria do dia 10.07.2023.","destinatario":{"id":8,"nome":"Presid\u00eancia","ativo":1,"versao":1,"apelido":"Presid\u00eancia","publicar":0,"__model__":"Autor","tipoautor":9,"legislativo":0,"observacoes":null,"usarapelido":0},"respostadata":"2023-07-10T00:00:00Z","documentovinculado":{},"respostaobservacoes":"Apresentada no Expediente, distribu\u00edda \u00e0s Comiss\u00f5es para parecer (CLJRF,CFO).","remetenteusarapelido":0,"destinatariousarapelido":0,"respostadocumentovinculado":{}}}},"timestamp":"2023-07-05T23:00:00-04:00","data_tramitacao":"2023-07-06","data_encaminhamento":"2023-07-06","urgente":false,"turno":"","texto":"Complemento: Incluso na pauta da sess\u00e3o ordin\u00e1ria do dia 10.07.2023.\nData da Resposta: 10/07/2023\nResposta Observa\u00e7\u00f5es: Apresentada no Expediente, distribu\u00edda \u00e0s Comiss\u00f5es para parecer (CLJRF,CFO).","data_fim_prazo":null,"ip":"","ultima_edicao":null,"status":41,"materia":24695,"unidade_tramitacao_local":419,"unidade_tramitacao_destino":8,"user":null}