{"id":14705,"__str__":"Substitutivo n\u00ba 100 de 2023 | Encaminhamento de Expediente | 10/07/2023","link_detail_backend":"/materia/tramitacao/14705","metadata":{"old_system":{"value":{"id":14705,"versao":0,"objetivo":{},"publicar":1,"__model__":"Tramitacao","dataenvio":"2023-07-10T00:00:00Z","dataprazo":null,"documento":{"id":24704,"ano":2023,"data":"2023-07-07T00:00:00Z","flag1":null,"valor":null,"numero":1,"quorum":27,"regime":5,"versao":0,"assunto":"Substitutivo ao Projeto de Lei N\u00ba 49/2023 - Disp\u00f5e sobre a altera\u00e7\u00e3o da denomina\u00e7\u00e3o de Avenida do Loteamento Marechal Rondon - Fase I, e d\u00e1 outras provid\u00eancias.","subtipo":null,"votacao":null,"publicar":1,"situacao":16,"__model__":"Documento","descricao":"Substitutivo N\u00ba 1","discussao":null,"anoprocesso":null,"complemento":null,"observacoes":"","anoadicional":null,"dataadicional":null,"identificacao":null,"tipodocumento":121,"numeroprocesso":null,"numeroadicional":null,"descricaocompleta":"Substitutivo N\u00ba 1 ao Projeto de Lei N\u00ba 49/2023","complementoprocesso":null,"complementoadicional":null},"remetente":{"id":8,"nome":"Presid\u00eancia","ativo":1,"versao":1,"apelido":"Presid\u00eancia","publicar":0,"__model__":"Autor","tipoautor":9,"legislativo":0,"observacoes":null,"usarapelido":0},"resultado":{},"sequencia":4,"vinculopai":{},"complemento":"Remetido \u00e0 Ordem do Dia da sess\u00e3o ordin\u00e1ria de 10.07.2023.","destinatario":{"id":10,"nome":"Plen\u00e1rio","ativo":1,"versao":1,"apelido":"Plen\u00e1rio","publicar":0,"__model__":"Autor","tipoautor":9,"legislativo":0,"observacoes":null,"usarapelido":0},"respostadata":"2023-07-10T00:00:00Z","documentovinculado":{},"respostaobservacoes":"ORDEM DO DIA - Aprovado em discuss\u00e3o \u00fanica por 8x0 votos, segue para elabora\u00e7\u00e3o de Aut\u00f3grafo.","remetenteusarapelido":0,"destinatariousarapelido":0,"respostadocumentovinculado":{}}}},"timestamp":"2023-07-09T23:00:00-04:00","data_tramitacao":"2023-07-10","data_encaminhamento":"2023-07-10","urgente":false,"turno":"","texto":"Complemento: Remetido \u00e0 Ordem do Dia da sess\u00e3o ordin\u00e1ria de 10.07.2023.\nData da Resposta: 10/07/2023\nResposta Observa\u00e7\u00f5es: ORDEM DO DIA - Aprovado em discuss\u00e3o \u00fanica por 8x0 votos, segue para elabora\u00e7\u00e3o de Aut\u00f3grafo.","data_fim_prazo":null,"ip":"","ultima_edicao":null,"status":41,"materia":24704,"unidade_tramitacao_local":8,"unidade_tramitacao_destino":10,"user":null}