{"id":14773,"__str__":"Requerimento n\u00ba 104 de 2023 | Encaminhamento de Expediente | 08/08/2023","link_detail_backend":"/materia/tramitacao/14773","metadata":{"old_system":{"value":{"id":14773,"versao":0,"objetivo":{},"publicar":1,"__model__":"Tramitacao","dataenvio":"2023-08-08T00:00:00Z","dataprazo":"2023-08-23T00:00:00Z","documento":{"id":24661,"ano":2023,"data":"2023-08-03T00:00:00Z","flag1":null,"valor":null,"numero":104,"quorum":null,"regime":6,"versao":0,"assunto":"Requer, com fundamento no art. 23, XIII, da Lei Org\u00e2nica Municipal, ao Sr. Prefeito Municipal,seja encaminhado a esta Casa de Leis relat\u00f3rio com a discrimina\u00e7\u00e3o dos materiais adquiridos pelo munic\u00edpio para utiliza\u00e7\u00e3o no sistema de ilumina\u00e7\u00e3o p\u00fablica, com os respectivos valores e quantidades, acompanhado das notas fiscais atestadas, no per\u00edodo de janeiro de 2022 a junho de 2023.","subtipo":null,"votacao":null,"publicar":1,"situacao":259,"__model__":"Documento","descricao":"Requerimento N\u00ba 104/2023","discussao":null,"anoprocesso":null,"complemento":null,"observacoes":"","anoadicional":null,"dataadicional":null,"identificacao":null,"tipodocumento":134,"numeroprocesso":null,"numeroadicional":null,"descricaocompleta":"Requerimento N\u00ba 104/2023","complementoprocesso":null,"complementoadicional":null},"remetente":{"id":8,"nome":"Presid\u00eancia","ativo":1,"versao":1,"apelido":"Presid\u00eancia","publicar":0,"__model__":"Autor","tipoautor":9,"legislativo":0,"observacoes":null,"usarapelido":0},"resultado":{},"sequencia":2,"vinculopai":{},"complemento":"OF\u00cdCIO N\u00b0 041/2023","destinatario":{"id":9,"nome":"Poder Executivo","ativo":1,"versao":1,"apelido":"Poder Executivo","publicar":0,"__model__":"Autor","tipoautor":9,"legislativo":0,"observacoes":null,"usarapelido":0},"respostadata":"2023-08-28T00:00:00Z","documentovinculado":{},"respostaobservacoes":"Of\u00edcio GP N\u00b0 218/2023 \r\n(solicita\u00e7\u00e3o de dila\u00e7\u00e3o de prazo de 60 dias)","remetenteusarapelido":0,"destinatariousarapelido":0,"respostadocumentovinculado":{}}}},"timestamp":"2023-08-07T23:00:00-04:00","data_tramitacao":"2023-08-08","data_encaminhamento":"2023-08-08","urgente":false,"turno":"","texto":"Complemento: OF\u00cdCIO N\u00b0 041/2023\nData da Resposta: 28/08/2023\nResposta Observa\u00e7\u00f5es: Of\u00edcio GP N\u00b0 218/2023 \r\n(solicita\u00e7\u00e3o de dila\u00e7\u00e3o de prazo de 60 dias)","data_fim_prazo":"2023-08-23","ip":"","ultima_edicao":null,"status":41,"materia":24661,"unidade_tramitacao_local":8,"unidade_tramitacao_destino":9,"user":null}