{"id":14809,"__str__":"Requerimento n\u00ba 109 de 2023 | Encaminhamento de Expediente | 14/08/2023","link_detail_backend":"/materia/tramitacao/14809","metadata":{"old_system":{"value":{"id":14809,"versao":0,"objetivo":{},"publicar":1,"__model__":"Tramitacao","dataenvio":"2023-08-14T00:00:00Z","dataprazo":null,"documento":{"id":24829,"ano":2023,"data":"2023-08-09T00:00:00Z","flag1":null,"valor":null,"numero":109,"quorum":null,"regime":6,"versao":0,"assunto":"Requer, ouvido o soberano Plen\u00e1rio, com fundamento no art. 23, XIII, da Lei Org\u00e2nica Municipal, ao Sr. Prefeito, por interm\u00e9dio da Secretaria Municipal de Finan\u00e7as, seja informado a esta Casa de Leis sobre as a\u00e7\u00f5es do Departamento de Fiscaliza\u00e7\u00e3o e Departamento de Tr\u00e2nsito Urbano no combate \u00e0 polui\u00e7\u00e3o sonora produzida por som automotivo e estabelecimentos de entretenimento noturno, especialmente na Pra\u00e7a da B\u00edblia, no Bairro Jardim das Palmeiras.","subtipo":null,"votacao":null,"publicar":1,"situacao":259,"__model__":"Documento","descricao":"Requerimento N\u00ba 109/2023","discussao":null,"anoprocesso":null,"complemento":null,"observacoes":"Incluso na pauta da sess\u00e3o ordin\u00e1ria do dia 14 de agosto de 2023.","anoadicional":null,"dataadicional":null,"identificacao":null,"tipodocumento":134,"numeroprocesso":null,"numeroadicional":null,"descricaocompleta":"Requerimento N\u00ba 109/2023","complementoprocesso":null,"complementoadicional":null},"remetente":{"id":658,"nome":"JOS\u00c9 MARCIANO DA SILVA","ativo":1,"versao":0,"apelido":"MARCIANO","publicar":1,"__model__":"Autor","tipoautor":3,"legislativo":1,"observacoes":"1. Eleito com 858 votos pelo Partido Progressistas no pleito de 15.11.2020. Diplomado em 16.12.2020. Empossado em 01.01.2021.\r\n2. Exerceu o cargo de 2\u00ba Secret\u00e1rio da Mesa Diretora no anu\u00eanio 2022.","usarapelido":0},"resultado":{},"sequencia":1,"vinculopai":{},"complemento":"Incluso na pauta da sess\u00e3o ordin\u00e1ria do dia 14 de agosto de 2023.","destinatario":{"id":8,"nome":"Presid\u00eancia","ativo":1,"versao":1,"apelido":"Presid\u00eancia","publicar":0,"__model__":"Autor","tipoautor":9,"legislativo":0,"observacoes":null,"usarapelido":0},"respostadata":"2023-08-14T00:00:00Z","documentovinculado":{},"respostaobservacoes":"Lido e declarado aprovado no expediente.","remetenteusarapelido":0,"destinatariousarapelido":0,"respostadocumentovinculado":{}}}},"timestamp":"2023-08-13T23:00:00-04:00","data_tramitacao":"2023-08-14","data_encaminhamento":"2023-08-14","urgente":false,"turno":"","texto":"Complemento: Incluso na pauta da sess\u00e3o ordin\u00e1ria do dia 14 de agosto de 2023.\nData da Resposta: 14/08/2023\nResposta Observa\u00e7\u00f5es: Lido e declarado aprovado no expediente.","data_fim_prazo":null,"ip":"","ultima_edicao":null,"status":41,"materia":24829,"unidade_tramitacao_local":658,"unidade_tramitacao_destino":8,"user":null}