{"id":14855,"__str__":"Projeto de Lei Executivo n\u00ba 66 de 2023 | Encaminhamento de Expediente | 31/08/2023","link_detail_backend":"/materia/tramitacao/14855","metadata":{"old_system":{"value":{"id":14855,"versao":0,"objetivo":{},"publicar":1,"__model__":"Tramitacao","dataenvio":"2023-08-31T00:00:00Z","dataprazo":null,"documento":{"id":24911,"ano":2023,"data":"2023-08-31T00:00:00Z","flag1":null,"valor":null,"numero":66,"quorum":27,"regime":6,"versao":0,"assunto":"Altera as Emendas Parlamentares Individuais n\u00bas 01, 04, 26, 27, 31, 78, 40 e as de Bancada n\u00bas 01, 05, 43, 44, 45 e 53 constantes na Lei Municipal n\u00ba 2.407, de 21 de dezembro de 2022, que disp\u00f5e sobre a lei or\u00e7ament\u00e1ria anual para o exerc\u00edcio financeiro 2023, e d\u00e1 outras provid\u00eancias.","subtipo":209,"votacao":null,"publicar":1,"situacao":334,"__model__":"Documento","descricao":"Projeto de Lei N\u00ba 66/2023","discussao":null,"anoprocesso":null,"complemento":null,"observacoes":"","anoadicional":null,"dataadicional":null,"identificacao":null,"tipodocumento":129,"numeroprocesso":null,"numeroadicional":null,"descricaocompleta":"Projeto de Lei N\u00ba 66/2023","complementoprocesso":null,"complementoadicional":null},"remetente":{"id":9,"nome":"Poder Executivo","ativo":1,"versao":1,"apelido":"Poder Executivo","publicar":0,"__model__":"Autor","tipoautor":9,"legislativo":0,"observacoes":null,"usarapelido":0},"resultado":{},"sequencia":1,"vinculopai":{},"complemento":"Incluso na pauta da sess\u00e3o ordin\u00e1ria do dia 04.09.2023.","destinatario":{"id":8,"nome":"Presid\u00eancia","ativo":1,"versao":1,"apelido":"Presid\u00eancia","publicar":0,"__model__":"Autor","tipoautor":9,"legislativo":0,"observacoes":null,"usarapelido":0},"respostadata":"2023-09-04T00:00:00Z","documentovinculado":{},"respostaobservacoes":"Apresentado no Expediente, distribu\u00eddo \u00e0s Comiss\u00f5es para parecer (CLJRF,CFO).","remetenteusarapelido":0,"destinatariousarapelido":0,"respostadocumentovinculado":{}}}},"timestamp":"2023-08-30T23:00:00-04:00","data_tramitacao":"2023-08-31","data_encaminhamento":"2023-08-31","urgente":false,"turno":"","texto":"Complemento: Incluso na pauta da sess\u00e3o ordin\u00e1ria do dia 04.09.2023.\nData da Resposta: 04/09/2023\nResposta Observa\u00e7\u00f5es: Apresentado no Expediente, distribu\u00eddo \u00e0s Comiss\u00f5es para parecer (CLJRF,CFO).","data_fim_prazo":null,"ip":"","ultima_edicao":null,"status":41,"materia":24911,"unidade_tramitacao_local":9,"unidade_tramitacao_destino":8,"user":null}