{"id":14922,"__str__":"Indica\u00e7\u00e3o n\u00ba 299 de 2023 | Encaminhamento de Expediente | 05/09/2023","link_detail_backend":"/materia/tramitacao/14922","metadata":{"old_system":{"value":{"id":14922,"versao":0,"objetivo":{},"publicar":1,"__model__":"Tramitacao","dataenvio":"2023-09-05T00:00:00Z","dataprazo":"2023-09-20T00:00:00Z","documento":{"id":24915,"ano":2023,"data":"2023-08-31T00:00:00Z","flag1":null,"valor":null,"numero":299,"quorum":null,"regime":6,"versao":0,"assunto":"Indicam ao Poder Executivo a execu\u00e7\u00e3o de corre\u00e7\u00e3o no nivelamento das ruas do Residencial Parecis para melhoria da drenagem de \u00e1guas pluviais e das provenientes das resid\u00eancias.","subtipo":null,"votacao":null,"publicar":1,"situacao":16,"__model__":"Documento","descricao":"Indica\u00e7\u00e3o N\u00ba 299/2023","discussao":null,"anoprocesso":null,"complemento":null,"observacoes":"","anoadicional":null,"dataadicional":null,"identificacao":null,"tipodocumento":135,"numeroprocesso":null,"numeroadicional":null,"descricaocompleta":"Indica\u00e7\u00e3o N\u00ba 299/2023","complementoprocesso":null,"complementoadicional":null},"remetente":{"id":8,"nome":"Presid\u00eancia","ativo":1,"versao":1,"apelido":"Presid\u00eancia","publicar":0,"__model__":"Autor","tipoautor":9,"legislativo":0,"observacoes":null,"usarapelido":0},"resultado":{},"sequencia":2,"vinculopai":{},"complemento":"OF\u00cdCIO N\u00b0 044/2023-GP","destinatario":{"id":9,"nome":"Poder Executivo","ativo":1,"versao":1,"apelido":"Poder Executivo","publicar":0,"__model__":"Autor","tipoautor":9,"legislativo":0,"observacoes":null,"usarapelido":0},"respostadata":"2023-09-20T00:00:00Z","documentovinculado":{},"respostaobservacoes":"Memorando N\u00b0 433/2023","remetenteusarapelido":0,"destinatariousarapelido":0,"respostadocumentovinculado":{}}}},"timestamp":"2023-09-04T23:00:00-04:00","data_tramitacao":"2023-09-05","data_encaminhamento":"2023-09-05","urgente":false,"turno":"","texto":"Complemento: OF\u00cdCIO N\u00b0 044/2023-GP\nData da Resposta: 20/09/2023\nResposta Observa\u00e7\u00f5es: Memorando N\u00b0 433/2023","data_fim_prazo":"2023-09-20","ip":"","ultima_edicao":null,"status":41,"materia":24915,"unidade_tramitacao_local":8,"unidade_tramitacao_destino":9,"user":null}