{"id":1496,"__str__":"Indica\u00e7\u00e3o n\u00ba 198 de 2013 | Encaminhamento de Expediente | 27/08/2013","link_detail_backend":"/materia/tramitacao/1496","metadata":{"old_system":{"value":{"id":1496,"versao":1,"objetivo":{},"publicar":1,"__model__":"Tramitacao","dataenvio":"2013-08-27T00:00:00Z","dataprazo":"2013-09-11T00:00:00Z","documento":{"id":4874,"ano":2013,"data":"2013-08-22T00:00:00Z","flag1":null,"valor":null,"numero":198,"quorum":null,"regime":6,"versao":1,"assunto":"INDICA A NECESSIDADE DE A PREFEITURA MUNICIPAL FAZER A RETIRADA DA TERRA DEPOSITADA E N\u00c3O UTILIZADA PELO MUNIC\u00cdPIO NA RUA MUTUM EM FRENTE O RESIDENCIAL POR DO SOL, NO BAIRRO JARDIM DAS PALMEIRAS.","subtipo":null,"votacao":null,"publicar":1,"situacao":259,"__model__":"Documento","descricao":"Indica\u00e7\u00e3o N\u00ba 198/2013","discussao":null,"anoprocesso":null,"complemento":null,"observacoes":null,"anoadicional":null,"dataadicional":null,"identificacao":null,"tipodocumento":135,"numeroprocesso":null,"numeroadicional":null,"descricaocompleta":"Indica\u00e7\u00e3o N\u00ba 198/2013","complementoprocesso":null,"complementoadicional":null},"remetente":{"id":198,"nome":"PODER EXECUTIVO MUNICIPAL","ativo":0,"versao":1,"apelido":"PODER EXECUTIVO MUNICIPAL","publicar":0,"__model__":"Autor","tipoautor":0,"legislativo":0,"observacoes":null,"usarapelido":0},"resultado":{},"sequencia":1,"vinculopai":{},"complemento":"PODER EXECUTIVO MUNICIPAL","destinatario":{"id":198,"nome":"PODER EXECUTIVO MUNICIPAL","ativo":0,"versao":1,"apelido":"PODER EXECUTIVO MUNICIPAL","publicar":0,"__model__":"Autor","tipoautor":0,"legislativo":0,"observacoes":null,"usarapelido":0},"respostadata":"2013-09-09T00:00:00Z","documentovinculado":{},"respostaobservacoes":"OF\u00cdCIO N\u00ba257/2013/09-GP/IR","remetenteusarapelido":1,"destinatariousarapelido":1,"respostadocumentovinculado":{}}}},"timestamp":"2013-08-26T23:00:00-04:00","data_tramitacao":"2013-08-27","data_encaminhamento":"2013-08-27","urgente":false,"turno":"","texto":"Complemento: PODER EXECUTIVO MUNICIPAL\nData da Resposta: 09/09/2013\nResposta Observa\u00e7\u00f5es: OF\u00cdCIO N\u00ba257/2013/09-GP/IR","data_fim_prazo":"2013-09-11","ip":"","ultima_edicao":null,"status":41,"materia":4874,"unidade_tramitacao_local":9,"unidade_tramitacao_destino":9,"user":null}