{"id":15031,"__str__":"Requerimento n\u00ba 120 de 2023 | Encaminhamento de Expediente | 20/09/2023","link_detail_backend":"/materia/tramitacao/15031","metadata":{"old_system":{"value":{"id":15031,"versao":0,"objetivo":{},"publicar":1,"__model__":"Tramitacao","dataenvio":"2023-09-20T00:00:00Z","dataprazo":null,"documento":{"id":25038,"ano":2023,"data":"2023-09-20T00:00:00Z","flag1":null,"valor":null,"numero":120,"quorum":null,"regime":6,"versao":0,"assunto":"Requer, ouvido o soberano Plen\u00e1rio, com fundamento no art. 23, XIII, da Lei Org\u00e2nica Municipal, c/c os artigos 31 e 74, IV, da Constitui\u00e7\u00e3o Federal,  ao Sr. Prefeito Municipal, por interm\u00e9dio do Controle Interno do Munic\u00edpio, seja cientificada esta Casa de Leis sobre o \u00edndice de despesa total com pessoal informado ao Tribunal de Contas do Estado, relativamente ao fechamento do exerc\u00edcio financeiro de 2022.","subtipo":null,"votacao":null,"publicar":1,"situacao":259,"__model__":"Documento","descricao":"Requerimento N\u00ba 120/2023","discussao":null,"anoprocesso":null,"complemento":null,"observacoes":"","anoadicional":null,"dataadicional":null,"identificacao":null,"tipodocumento":134,"numeroprocesso":null,"numeroadicional":null,"descricaocompleta":"Requerimento N\u00ba 120/2023","complementoprocesso":null,"complementoadicional":null},"remetente":{"id":655,"nome":"MARCELO JOS\u00c9 BURGEL","ativo":1,"versao":0,"apelido":"MARCELO BURGEL","publicar":1,"__model__":"Autor","tipoautor":3,"legislativo":1,"observacoes":"1. Eleito com 513 votos pelo Partido Podemos no pleito de 15.11.2020. Diplomado em 16.12.2020. Empossado em 01.01.2021.\r\n2. Exerceu o cargo de Presidente da Mesa Diretora no anu\u00eanio 2021.\r\n3. Exerceu o cargo de Vice-Presidente da Mesa Diretora no anu\u00eanio 2022.","usarapelido":0},"resultado":{},"sequencia":1,"vinculopai":{},"complemento":"Incluso na pauta da sess\u00e3o ordin\u00e1ria do dia 25.09.2023.","destinatario":{"id":8,"nome":"Presid\u00eancia","ativo":1,"versao":1,"apelido":"Presid\u00eancia","publicar":0,"__model__":"Autor","tipoautor":9,"legislativo":0,"observacoes":null,"usarapelido":0},"respostadata":"2023-09-25T00:00:00Z","documentovinculado":{},"respostaobservacoes":"Lido e aprovado pelo Plen\u00e1rio.","remetenteusarapelido":0,"destinatariousarapelido":0,"respostadocumentovinculado":{}}}},"timestamp":"2023-09-19T23:00:00-04:00","data_tramitacao":"2023-09-20","data_encaminhamento":"2023-09-20","urgente":false,"turno":"","texto":"Complemento: Incluso na pauta da sess\u00e3o ordin\u00e1ria do dia 25.09.2023.\nData da Resposta: 25/09/2023\nResposta Observa\u00e7\u00f5es: Lido e aprovado pelo Plen\u00e1rio.","data_fim_prazo":null,"ip":"","ultima_edicao":null,"status":41,"materia":25038,"unidade_tramitacao_local":655,"unidade_tramitacao_destino":8,"user":null}