{"id":15076,"__str__":"Requerimento n\u00ba 122 de 2023 | Encaminhamento de Expediente | 28/09/2023","link_detail_backend":"/materia/tramitacao/15076","metadata":{"old_system":{"value":{"id":15076,"versao":0,"objetivo":{},"publicar":1,"__model__":"Tramitacao","dataenvio":"2023-09-28T00:00:00Z","dataprazo":null,"documento":{"id":25092,"ano":2023,"data":"2023-09-28T00:00:00Z","flag1":null,"valor":null,"numero":122,"quorum":null,"regime":6,"versao":0,"assunto":"Requer, ouvido o soberano Plen\u00e1rio, com fundamento no art. 23, XIII, da Lei Org\u00e2nica Municipal, que seja encaminhado expediente ao Presidente do Cons\u00f3rcio Intermunicipal de Desenvolvimento do Alto Rio Paraguai solicitando informa\u00e7\u00f5es sobre as obras realizadas, por interm\u00e9dio desse cons\u00f3rcio p\u00fablico, nos \u00faltimos 3(tr\u00eas) anos, no munic\u00edpio de Campo Novo do Parecis.","subtipo":null,"votacao":null,"publicar":1,"situacao":259,"__model__":"Documento","descricao":"Requerimento N\u00ba 122/2023","discussao":null,"anoprocesso":null,"complemento":null,"observacoes":"","anoadicional":null,"dataadicional":null,"identificacao":null,"tipodocumento":134,"numeroprocesso":null,"numeroadicional":null,"descricaocompleta":"Requerimento N\u00ba 122/2023","complementoprocesso":null,"complementoadicional":null},"remetente":{"id":655,"nome":"MARCELO JOS\u00c9 BURGEL","ativo":1,"versao":0,"apelido":"MARCELO BURGEL","publicar":1,"__model__":"Autor","tipoautor":3,"legislativo":1,"observacoes":"1. Eleito com 513 votos pelo Partido Podemos no pleito de 15.11.2020. Diplomado em 16.12.2020. Empossado em 01.01.2021.\r\n2. Exerceu o cargo de Presidente da Mesa Diretora no anu\u00eanio 2021.\r\n3. Exerceu o cargo de Vice-Presidente da Mesa Diretora no anu\u00eanio 2022.","usarapelido":0},"resultado":{},"sequencia":1,"vinculopai":{},"complemento":"Incluso na pauta da sess\u00e3o ordin\u00e1ria do dia 02.10.2023.","destinatario":{"id":8,"nome":"Presid\u00eancia","ativo":1,"versao":1,"apelido":"Presid\u00eancia","publicar":0,"__model__":"Autor","tipoautor":9,"legislativo":0,"observacoes":null,"usarapelido":0},"respostadata":"2023-10-02T00:00:00Z","documentovinculado":{},"respostaobservacoes":"Incluso na pauta da sess\u00e3o ordin\u00e1ria do dia 02.10.2023.","remetenteusarapelido":0,"destinatariousarapelido":0,"respostadocumentovinculado":{}}}},"timestamp":"2023-09-27T23:00:00-04:00","data_tramitacao":"2023-09-28","data_encaminhamento":"2023-09-28","urgente":false,"turno":"","texto":"Complemento: Incluso na pauta da sess\u00e3o ordin\u00e1ria do dia 02.10.2023.\nData da Resposta: 02/10/2023\nResposta Observa\u00e7\u00f5es: Incluso na pauta da sess\u00e3o ordin\u00e1ria do dia 02.10.2023.","data_fim_prazo":null,"ip":"","ultima_edicao":null,"status":41,"materia":25092,"unidade_tramitacao_local":655,"unidade_tramitacao_destino":8,"user":null}