{"id":15146,"__str__":"Projeto de Lei Executivo n\u00ba 75 de 2023 | Encaminhamento de Expediente | 23/10/2023","link_detail_backend":"/materia/tramitacao/15146","metadata":{"old_system":{"value":{"id":15146,"versao":0,"objetivo":{},"publicar":1,"__model__":"Tramitacao","dataenvio":"2023-10-23T00:00:00Z","dataprazo":null,"documento":{"id":25210,"ano":2023,"data":"2023-10-23T00:00:00Z","flag1":null,"valor":null,"numero":75,"quorum":27,"regime":5,"versao":0,"assunto":"Altera a Lei n\u00ba 1.822, de 15 de abril de 2016, promovendo a extin\u00e7\u00e3o dos cargos de Pedreiro, Servente de Pedreiro e Vigia do quadro de provimento efetivo da Administra\u00e7\u00e3o P\u00fablica Municipal e d\u00e1 outras provid\u00eancias.","subtipo":209,"votacao":null,"publicar":1,"situacao":334,"__model__":"Documento","descricao":"Projeto de Lei N\u00ba 75/2023","discussao":null,"anoprocesso":null,"complemento":null,"observacoes":"","anoadicional":null,"dataadicional":null,"identificacao":null,"tipodocumento":129,"numeroprocesso":null,"numeroadicional":null,"descricaocompleta":"Projeto de Lei N\u00ba 75/2023","complementoprocesso":null,"complementoadicional":null},"remetente":{"id":8,"nome":"Presid\u00eancia","ativo":1,"versao":1,"apelido":"Presid\u00eancia","publicar":0,"__model__":"Autor","tipoautor":9,"legislativo":0,"observacoes":null,"usarapelido":0},"resultado":{},"sequencia":4,"vinculopai":{},"complemento":"Remetido \u00e0 Ordem do Dia da sess\u00e3o ordin\u00e1ria de 23.10.2023","destinatario":{"id":10,"nome":"Plen\u00e1rio","ativo":1,"versao":1,"apelido":"Plen\u00e1rio","publicar":0,"__model__":"Autor","tipoautor":9,"legislativo":0,"observacoes":null,"usarapelido":0},"respostadata":"2023-10-23T00:00:00Z","documentovinculado":{},"respostaobservacoes":"ORDEM DO DIA - Aprovado em discuss\u00e3o \u00fanica, seguindo para elabora\u00e7\u00e3o de Aut\u00f3grafo.","remetenteusarapelido":0,"destinatariousarapelido":0,"respostadocumentovinculado":{}}}},"timestamp":"2023-10-22T23:00:00-04:00","data_tramitacao":"2023-10-23","data_encaminhamento":"2023-10-23","urgente":false,"turno":"","texto":"Complemento: Remetido \u00e0 Ordem do Dia da sess\u00e3o ordin\u00e1ria de 23.10.2023\nData da Resposta: 23/10/2023\nResposta Observa\u00e7\u00f5es: ORDEM DO DIA - Aprovado em discuss\u00e3o \u00fanica, seguindo para elabora\u00e7\u00e3o de Aut\u00f3grafo.","data_fim_prazo":null,"ip":"","ultima_edicao":null,"status":41,"materia":25210,"unidade_tramitacao_local":8,"unidade_tramitacao_destino":10,"user":null}