{"id":15150,"__str__":"Mo\u00e7\u00e3o Aplauso n\u00ba 62 de 2023 | Encaminhamento de Expediente | 18/10/2023","link_detail_backend":"/materia/tramitacao/15150","metadata":{"old_system":{"value":{"id":15150,"versao":0,"objetivo":{},"publicar":1,"__model__":"Tramitacao","dataenvio":"2023-10-18T00:00:00Z","dataprazo":null,"documento":{"id":25173,"ano":2023,"data":"2023-10-18T00:00:00Z","flag1":null,"valor":null,"numero":62,"quorum":null,"regime":6,"versao":0,"assunto":"MO\u00c7\u00c3O DE APLAUSOS dirigida ao Sr. Pastor SAT\u00cdLIO DA SILVA NEVES e equipe de volunt\u00e1rios, pelo desenvolvimento do Projeto Social Doce Inf\u00e2ncia.","subtipo":426,"votacao":null,"publicar":1,"situacao":259,"__model__":"Documento","descricao":"Mo\u00e7\u00e3o N\u00ba 62/2023","discussao":null,"anoprocesso":null,"complemento":null,"observacoes":"","anoadicional":null,"dataadicional":null,"identificacao":null,"tipodocumento":136,"numeroprocesso":null,"numeroadicional":null,"descricaocompleta":"Mo\u00e7\u00e3o N\u00ba 62/2023","complementoprocesso":null,"complementoadicional":null},"remetente":{"id":419,"nome":"JOAQUIM PEREIRA DOS SANTOS","ativo":1,"versao":0,"apelido":"JOAQUIM EQUIP","publicar":1,"__model__":"Autor","tipoautor":3,"legislativo":1,"observacoes":"1. Eleito com 422 pelo Partido Progressistas no pleito de 15.11.2020. Diplomado em 16.12.2020. Empossado em 01.01.2021.\r\n2. Exerceu o cargo de Vice-Presidente da Mesa Diretora no anu\u00eanio 2021.","usarapelido":0},"resultado":{},"sequencia":1,"vinculopai":{},"complemento":"Incluso na pauta da sess\u00e3o ordin\u00e1ria do dia 23.10.2023.","destinatario":{"id":8,"nome":"Presid\u00eancia","ativo":1,"versao":1,"apelido":"Presid\u00eancia","publicar":0,"__model__":"Autor","tipoautor":9,"legislativo":0,"observacoes":null,"usarapelido":0},"respostadata":"2023-10-23T00:00:00Z","documentovinculado":{},"respostaobservacoes":"Apresentada no Expediente, distribu\u00edda \u00e0 CLJRF para parecer.","remetenteusarapelido":0,"destinatariousarapelido":0,"respostadocumentovinculado":{}}}},"timestamp":"2023-10-17T23:00:00-04:00","data_tramitacao":"2023-10-18","data_encaminhamento":"2023-10-18","urgente":false,"turno":"","texto":"Complemento: Incluso na pauta da sess\u00e3o ordin\u00e1ria do dia 23.10.2023.\nData da Resposta: 23/10/2023\nResposta Observa\u00e7\u00f5es: Apresentada no Expediente, distribu\u00edda \u00e0 CLJRF para parecer.","data_fim_prazo":null,"ip":"","ultima_edicao":null,"status":41,"materia":25173,"unidade_tramitacao_local":419,"unidade_tramitacao_destino":8,"user":null}