{"id":16145,"__str__":"Requerimento n\u00ba 179 de 2024 | Encaminhamento de Expediente | 13/08/2024","link_detail_backend":"/materia/tramitacao/16145","metadata":{"old_system":{"value":{"id":16145,"versao":0,"objetivo":{},"publicar":1,"__model__":"Tramitacao","dataenvio":"2024-08-13T00:00:00Z","dataprazo":"2024-08-28T00:00:00Z","documento":{"id":26547,"ano":2024,"data":"2024-08-08T00:00:00Z","flag1":null,"valor":null,"numero":179,"quorum":null,"regime":6,"versao":0,"assunto":"Que envie seguintes informa\u00e7\u00f5es quanto a gest\u00e3o administrativa e financeira do Centro Hospitalar Parecis Euclides Horst (CHP) e da Secretaria de Sa\u00fade.\r\n1. relat\u00f3rio mensal de quantas cirurgias foram feitas no ano de 2024 no Hospital e encaminhadas pela secretaria. \r\n2. relat\u00f3rio mensal de quantas remo\u00e7\u00f5es foram feitas, para qual cidade e qual equipe que acompanhou.; \r\n3. relat\u00f3rio das despesas com pagamentos de m\u00e9dicos em remo\u00e7\u00e3o de pacientes. \r\n4. relat\u00f3rio das despesas dos servi\u00e7os de manuten\u00e7\u00e3o do hospital.\r\n5. relat\u00f3rio de quantas cirurgias foram feitas de joelho, qual o valor pago em cada procedimento e qual fomento foi utilizado. \r\n6. relat\u00f3rio das despesas do hospital que a secretaria de sa\u00fade paga al\u00e9m dos repasses feitos.","subtipo":null,"votacao":null,"publicar":1,"situacao":259,"__model__":"Documento","descricao":"Requerimento N\u00ba 179/2024","discussao":null,"anoprocesso":null,"complemento":null,"observacoes":"","anoadicional":null,"dataadicional":null,"identificacao":null,"tipodocumento":134,"numeroprocesso":null,"numeroadicional":null,"descricaocompleta":"Requerimento N\u00ba 179/2024","complementoprocesso":null,"complementoadicional":null},"remetente":{"id":8,"nome":"Presid\u00eancia","ativo":1,"versao":1,"apelido":"Presid\u00eancia","publicar":0,"__model__":"Autor","tipoautor":9,"legislativo":0,"observacoes":null,"usarapelido":0},"resultado":{},"sequencia":2,"vinculopai":{},"complemento":"Of\u00edcio N\u00b0 152/2024 - GP","destinatario":{"id":9,"nome":"Poder Executivo","ativo":1,"versao":1,"apelido":"Poder Executivo","publicar":0,"__model__":"Autor","tipoautor":9,"legislativo":0,"observacoes":null,"usarapelido":0},"respostadata":"2024-08-20T00:00:00Z","documentovinculado":{},"respostaobservacoes":"Of\u00edcio N\u00b0 GP 221/2024\r\nMemorando N\u00b0 414/2024 - Solicita\u00e7\u00e3o de dila\u00e7\u00e3o de prazos de 15 dias.","remetenteusarapelido":0,"destinatariousarapelido":0,"respostadocumentovinculado":{}}}},"timestamp":"2024-08-12T23:00:00-04:00","data_tramitacao":"2024-08-13","data_encaminhamento":"2024-08-13","urgente":false,"turno":"","texto":"Complemento: Of\u00edcio N\u00b0 152/2024 - GP\nData da Resposta: 20/08/2024\nResposta Observa\u00e7\u00f5es: Of\u00edcio N\u00b0 GP 221/2024\r\nMemorando N\u00b0 414/2024 - Solicita\u00e7\u00e3o de dila\u00e7\u00e3o de prazos de 15 dias.","data_fim_prazo":"2024-08-28","ip":"","ultima_edicao":null,"status":41,"materia":26547,"unidade_tramitacao_local":8,"unidade_tramitacao_destino":9,"user":null}