{"id":16187,"__str__":"Projeto de Lei Executivo n\u00ba 57 de 2024 | Encaminhamento de Expediente | 15/08/2024","link_detail_backend":"/materia/tramitacao/16187","metadata":{"old_system":{"value":{"id":16187,"versao":0,"objetivo":{},"publicar":1,"__model__":"Tramitacao","dataenvio":"2024-08-15T00:00:00Z","dataprazo":null,"documento":{"id":26582,"ano":2024,"data":"2024-08-15T00:00:00Z","flag1":null,"valor":null,"numero":57,"quorum":27,"regime":5,"versao":0,"assunto":"AUTORIZA O PODER EXECUTIVO MUNICIPAL A ABRIR CR\u00c9DITO ADICIONAL SUPLEMENTAR NO VALOR DE R$ 1.241.034,65  E D\u00c1 OUTRAS PROVID\u00caNCIAS","subtipo":209,"votacao":null,"publicar":1,"situacao":334,"__model__":"Documento","descricao":"Projeto de Lei N\u00ba 57/2024","discussao":null,"anoprocesso":null,"complemento":null,"observacoes":"","anoadicional":null,"dataadicional":null,"identificacao":null,"tipodocumento":129,"numeroprocesso":null,"numeroadicional":null,"descricaocompleta":"Projeto de Lei N\u00ba 57/2024","complementoprocesso":null,"complementoadicional":null},"remetente":{"id":9,"nome":"Poder Executivo","ativo":1,"versao":1,"apelido":"Poder Executivo","publicar":0,"__model__":"Autor","tipoautor":9,"legislativo":0,"observacoes":null,"usarapelido":0},"resultado":{},"sequencia":1,"vinculopai":{},"complemento":"incluso na pauta da sess\u00e3o ordin\u00e1ria do dia 26/08/2024.","destinatario":{"id":8,"nome":"Presid\u00eancia","ativo":1,"versao":1,"apelido":"Presid\u00eancia","publicar":0,"__model__":"Autor","tipoautor":9,"legislativo":0,"observacoes":null,"usarapelido":0},"respostadata":"2024-08-27T00:00:00Z","documentovinculado":{},"respostaobservacoes":"Apresentado em plen\u00e1rio, aprovado regime de urg\u00eancia Especial e distribu\u00eddo \u00e1s comiss\u00f5es para pronta emiss\u00e3o de parecer.","remetenteusarapelido":0,"destinatariousarapelido":0,"respostadocumentovinculado":{}}}},"timestamp":"2024-08-14T23:00:00-04:00","data_tramitacao":"2024-08-15","data_encaminhamento":"2024-08-15","urgente":false,"turno":"","texto":"Complemento: incluso na pauta da sess\u00e3o ordin\u00e1ria do dia 26/08/2024.\nData da Resposta: 27/08/2024\nResposta Observa\u00e7\u00f5es: Apresentado em plen\u00e1rio, aprovado regime de urg\u00eancia Especial e distribu\u00eddo \u00e1s comiss\u00f5es para pronta emiss\u00e3o de parecer.","data_fim_prazo":null,"ip":"","ultima_edicao":null,"status":41,"materia":26582,"unidade_tramitacao_local":9,"unidade_tramitacao_destino":8,"user":null}