{"id":1703,"__str__":"Mo\u00e7\u00e3o n\u00ba 23 de 2012 | Encaminhamento de Expediente | 06/11/2012","link_detail_backend":"/materia/tramitacao/1703","metadata":{"old_system":{"value":{"id":1703,"versao":1,"objetivo":{},"publicar":1,"__model__":"Tramitacao","dataenvio":"2012-11-06T00:00:00Z","dataprazo":"2012-11-16T00:00:00Z","documento":{"id":5097,"ano":2012,"data":"2012-10-18T00:00:00Z","flag1":null,"valor":null,"numero":23,"quorum":null,"regime":6,"versao":1,"assunto":"MO\u00c7\u00c3O DE APLAUSOS DIRIGIDA \u00c0 ASSOCIA\u00c7\u00c3O PR\u00d3 SA\u00daDE DO PARECIS/OS DE CAMPO NOVO DO PARECIS/MT, PELA REALIZA\u00c7\u00c3O DA 2\u00aa SIPAT (SEMANA INTERNA DE PREVEN\u00c7\u00c3O DE ACIDENTES NO TRABALHO), QUE OCORREU ENTRE OS DIAS 15 A 19 DE OUTUBRO DE 2012, ONDE A CIPA (COMISS\u00c3O INTERNA DE PREVEN\u00c7\u00c3O DE ACIDENTES), TEVE POR OBJETIVO ATINGIR TODO O P\u00daBLICO, COM UMA SEMANA DE PALESTRAS NA \u00c1REA DA SA\u00daDE E PREVEN\u00c7\u00c3O DE ACIDENTES DE TRABALHO.","subtipo":null,"votacao":null,"publicar":1,"situacao":259,"__model__":"Documento","descricao":"Mo\u00e7\u00e3o N\u00ba 23/2012","discussao":null,"anoprocesso":null,"complemento":null,"observacoes":null,"anoadicional":null,"dataadicional":null,"identificacao":null,"tipodocumento":136,"numeroprocesso":null,"numeroadicional":null,"descricaocompleta":"Mo\u00e7\u00e3o N\u00ba 23/2012","complementoprocesso":null,"complementoadicional":null},"remetente":{"id":72,"nome":"COMISS\u00c3O DE LEGISLA\u00c7\u00c3O, JUSTI\u00c7A E REDA\u00c7\u00c3O FINAL","ativo":0,"versao":9,"apelido":"CLJRF 2015","publicar":1,"__model__":"Autor","tipoautor":5,"legislativo":1,"observacoes":"DIA E HOR\u00c1RIO DAS REUNI\u00d5ES ORDIN\u00c1RIAS DA CLJRF:\r\nTodas as segundas-feiras \u00e0s 8:30 horas.","usarapelido":0},"resultado":{},"sequencia":1,"vinculopai":{},"complemento":"CLJRF","destinatario":{"id":72,"nome":"COMISS\u00c3O DE LEGISLA\u00c7\u00c3O, JUSTI\u00c7A E REDA\u00c7\u00c3O FINAL","ativo":0,"versao":9,"apelido":"CLJRF 2015","publicar":1,"__model__":"Autor","tipoautor":5,"legislativo":1,"observacoes":"DIA E HOR\u00c1RIO DAS REUNI\u00d5ES ORDIN\u00c1RIAS DA CLJRF:\r\nTodas as segundas-feiras \u00e0s 8:30 horas.","usarapelido":0},"respostadata":"2012-11-07T00:00:00Z","documentovinculado":{},"respostaobservacoes":"PARECER FAVOR\u00c1VEL","remetenteusarapelido":1,"destinatariousarapelido":1,"respostadocumentovinculado":{}}}},"timestamp":"2012-11-05T23:00:00-03:00","data_tramitacao":"2012-11-06","data_encaminhamento":"2012-11-06","urgente":false,"turno":"","texto":"Complemento: CLJRF\nData da Resposta: 07/11/2012\nResposta Observa\u00e7\u00f5es: PARECER FAVOR\u00c1VEL","data_fim_prazo":"2012-11-16","ip":"","ultima_edicao":null,"status":41,"materia":5097,"unidade_tramitacao_local":698,"unidade_tramitacao_destino":698,"user":null}