{"id":2651,"__str__":"Projeto de Lei Legislativo n\u00ba 28 de 2012 | Encaminhamento de Expediente | 29/03/2012","link_detail_backend":"/materia/tramitacao/2651","metadata":{"old_system":{"value":{"id":2651,"versao":1,"objetivo":{},"publicar":1,"__model__":"Tramitacao","dataenvio":"2012-03-29T00:00:00Z","dataprazo":"2012-04-02T00:00:00Z","documento":{"id":5669,"ano":2012,"data":"2012-02-02T00:00:00Z","flag1":null,"valor":null,"numero":28,"quorum":229,"regime":6,"versao":1,"assunto":"ACRESCENTA DISPOSITIVOS NA LEI MUNICIPAL N\u00ba 306/93,  QUE DISP\u00d5E SOBRE A NOVA ESTRUTURA ORGANIZACIONAL, O REGIME JUR\u00cdDICO, O PLANO DE CARGOS E SAL\u00c1RIOS DO FUNCIONALISMO DA C\u00c2MARA MUNICIPAL DE CAMPO NOVO DO PARECIS, E D\u00c1 OUTRAS PORVID\u00caNCIAS.","subtipo":208,"votacao":null,"publicar":1,"situacao":334,"__model__":"Documento","descricao":"Projeto de Lei N\u00ba 28/2012","discussao":null,"anoprocesso":null,"complemento":null,"observacoes":null,"anoadicional":null,"dataadicional":null,"identificacao":null,"tipodocumento":129,"numeroprocesso":null,"numeroadicional":null,"descricaocompleta":"Projeto de Lei N\u00ba 28/2012","complementoprocesso":null,"complementoadicional":null},"remetente":{"id":10,"nome":"Plen\u00e1rio","ativo":1,"versao":1,"apelido":"Plen\u00e1rio","publicar":0,"__model__":"Autor","tipoautor":9,"legislativo":0,"observacoes":null,"usarapelido":0},"resultado":{},"sequencia":5,"vinculopai":{},"complemento":"PLEN\u00c1RIO - ORDEM DO DIA","destinatario":{"id":10,"nome":"Plen\u00e1rio","ativo":1,"versao":1,"apelido":"Plen\u00e1rio","publicar":0,"__model__":"Autor","tipoautor":9,"legislativo":0,"observacoes":null,"usarapelido":0},"respostadata":"2012-04-02T00:00:00Z","documentovinculado":{},"respostaobservacoes":"APROVADO POR UNANIMIDADE EM SEGUNDA DISCUSS\u00c3O","remetenteusarapelido":1,"destinatariousarapelido":1,"respostadocumentovinculado":{}}}},"timestamp":"2012-03-28T23:00:00-04:00","data_tramitacao":"2012-03-29","data_encaminhamento":"2012-03-29","urgente":false,"turno":"","texto":"Complemento: PLEN\u00c1RIO - ORDEM DO DIA\nData da Resposta: 02/04/2012\nResposta Observa\u00e7\u00f5es: APROVADO POR UNANIMIDADE EM SEGUNDA DISCUSS\u00c3O","data_fim_prazo":"2012-04-02","ip":"","ultima_edicao":null,"status":41,"materia":5669,"unidade_tramitacao_local":10,"unidade_tramitacao_destino":10,"user":null}