{"id":2659,"__str__":"Projeto de Lei Executivo n\u00ba 30 de 2012 | Encaminhamento de Expediente | 21/06/2012","link_detail_backend":"/materia/tramitacao/2659","metadata":{"old_system":{"value":{"id":2659,"versao":1,"objetivo":{},"publicar":1,"__model__":"Tramitacao","dataenvio":"2012-06-21T00:00:00Z","dataprazo":"2012-06-25T00:00:00Z","documento":{"id":5675,"ano":2012,"data":"2012-05-21T00:00:00Z","flag1":null,"valor":null,"numero":30,"quorum":229,"regime":6,"versao":1,"assunto":"HOMOLOGA A REAVALIA\u00c7\u00c3O ATUARIAL REALIZADO EM MAR\u00c7O/2012 E APROVA NOVA AL\u00cdQUOTA DE CONTRIBUI\u00c7\u00c3O DA PARTE PATRONAL PARA O FINANCIAMENTO DO D\u00c9FICIT APURADO NA REAVALIA\u00c7\u00c3O ATUARIAL DO REGIME PR\u00d3PRIO DE PREVID\u00caNCIA SOCIAL DO FUNDO DE PREVID\u00caNCIA DOS SERVIDORES P\u00daBLICOS MUNICIPAIS DE CAMPO NOVO DO PARECIS/MT, E D\u00c1 OUTRAS PROVID\u00caNCIAS.","subtipo":209,"votacao":null,"publicar":1,"situacao":334,"__model__":"Documento","descricao":"Projeto de Lei N\u00ba 30/2012","discussao":null,"anoprocesso":null,"complemento":null,"observacoes":null,"anoadicional":null,"dataadicional":null,"identificacao":null,"tipodocumento":129,"numeroprocesso":null,"numeroadicional":null,"descricaocompleta":"Projeto de Lei N\u00ba 30/2012","complementoprocesso":null,"complementoadicional":null},"remetente":{"id":10,"nome":"Plen\u00e1rio","ativo":1,"versao":1,"apelido":"Plen\u00e1rio","publicar":0,"__model__":"Autor","tipoautor":9,"legislativo":0,"observacoes":null,"usarapelido":0},"resultado":{},"sequencia":3,"vinculopai":{},"complemento":"PLEN\u00c1RIO - ORDEM DO DIA","destinatario":{"id":10,"nome":"Plen\u00e1rio","ativo":1,"versao":1,"apelido":"Plen\u00e1rio","publicar":0,"__model__":"Autor","tipoautor":9,"legislativo":0,"observacoes":null,"usarapelido":0},"respostadata":null,"documentovinculado":{},"respostaobservacoes":"","remetenteusarapelido":1,"destinatariousarapelido":1,"respostadocumentovinculado":{}}}},"timestamp":"2012-06-20T23:00:00-04:00","data_tramitacao":"2012-06-21","data_encaminhamento":"2012-06-21","urgente":false,"turno":"","texto":"Complemento: PLEN\u00c1RIO - ORDEM DO DIA","data_fim_prazo":"2012-06-25","ip":"","ultima_edicao":null,"status":41,"materia":5675,"unidade_tramitacao_local":10,"unidade_tramitacao_destino":10,"user":null}