{"id":3093,"__str__":"Projeto de Lei Executivo n\u00ba 31 de 2013 | Encaminhamento de Expediente | 21/06/2013","link_detail_backend":"/materia/tramitacao/3093","metadata":{"old_system":{"value":{"id":3093,"versao":1,"objetivo":{},"publicar":1,"__model__":"Tramitacao","dataenvio":"2013-06-21T00:00:00Z","dataprazo":"2013-07-01T00:00:00Z","documento":{"id":5840,"ano":2013,"data":"2013-05-28T00:00:00Z","flag1":null,"valor":null,"numero":31,"quorum":229,"regime":6,"versao":1,"assunto":"AUTORIZA O PODER EXECUTIVO MUNICIPAL FIRMAR CONV\u00caNIO COM O SINDICATO RURAL DE CAMPO NOVO DO PARECIS E D\u00c1 OUTRAS PROVID\u00caNCIAS.","subtipo":209,"votacao":null,"publicar":1,"situacao":334,"__model__":"Documento","descricao":"Projeto de Lei N\u00ba 31/2013","discussao":null,"anoprocesso":null,"complemento":null,"observacoes":null,"anoadicional":null,"dataadicional":null,"identificacao":null,"tipodocumento":129,"numeroprocesso":null,"numeroadicional":null,"descricaocompleta":"Projeto de Lei N\u00ba 31/2013","complementoprocesso":null,"complementoadicional":null},"remetente":{"id":74,"nome":"COMISS\u00c3O DE FINAN\u00c7AS E OR\u00c7AMENTO","ativo":0,"versao":9,"apelido":"CFO 2015","publicar":1,"__model__":"Autor","tipoautor":5,"legislativo":1,"observacoes":"DIA E HOR\u00c1RIO DAS REUNI\u00d5ES ORDIN\u00c1RIAS DA CFO:\r\nTodas as segundas-feiras \u00e0s 9:30 horas.","usarapelido":0},"resultado":{},"sequencia":4,"vinculopai":{},"complemento":"CFO","destinatario":{"id":74,"nome":"COMISS\u00c3O DE FINAN\u00c7AS E OR\u00c7AMENTO","ativo":0,"versao":9,"apelido":"CFO 2015","publicar":1,"__model__":"Autor","tipoautor":5,"legislativo":1,"observacoes":"DIA E HOR\u00c1RIO DAS REUNI\u00d5ES ORDIN\u00c1RIAS DA CFO:\r\nTodas as segundas-feiras \u00e0s 9:30 horas.","usarapelido":0},"respostadata":"2013-06-24T00:00:00Z","documentovinculado":{},"respostaobservacoes":"PARECER FAVOR\u00c1VEL","remetenteusarapelido":1,"destinatariousarapelido":1,"respostadocumentovinculado":{}}}},"timestamp":"2013-06-20T23:00:00-04:00","data_tramitacao":"2013-06-21","data_encaminhamento":"2013-06-21","urgente":false,"turno":"","texto":"Complemento: CFO\nData da Resposta: 24/06/2013\nResposta Observa\u00e7\u00f5es: PARECER FAVOR\u00c1VEL","data_fim_prazo":"2013-07-01","ip":"","ultima_edicao":null,"status":41,"materia":5840,"unidade_tramitacao_local":697,"unidade_tramitacao_destino":697,"user":null}