{"id":6237,"__str__":"Projeto de Lei Legislativo n\u00ba 78 de 2015 | Encaminhamento de Expediente | 03/12/2015","link_detail_backend":"/materia/tramitacao/6237","metadata":{"old_system":{"value":{"id":6237,"versao":2,"objetivo":{},"publicar":1,"__model__":"Tramitacao","dataenvio":"2015-12-03T00:00:00Z","dataprazo":null,"documento":{"id":10780,"ano":2015,"data":"2015-10-22T00:00:00Z","flag1":null,"valor":null,"numero":78,"quorum":27,"regime":6,"versao":9,"assunto":"Autoriza o Poder Executivo, por interm\u00e9dio do Departamento de \u00c1gua, Esgoto e Servi\u00e7os Urbanos, a receber doa\u00e7\u00f5es de seus usu\u00e1rios \u00e0 ONG Peludos e Cia Abrigo de Animais e d\u00e1 outras provid\u00eancias.","subtipo":208,"votacao":null,"publicar":0,"situacao":334,"__model__":"Documento","descricao":"Projeto de Lei N\u00ba 78/2015","discussao":null,"anoprocesso":null,"complemento":null,"observacoes":"","anoadicional":null,"dataadicional":null,"identificacao":null,"tipodocumento":129,"numeroprocesso":null,"numeroadicional":null,"descricaocompleta":"Projeto de Lei N\u00ba 78/2015","complementoprocesso":null,"complementoadicional":null},"remetente":{"id":8,"nome":"Presid\u00eancia","ativo":1,"versao":1,"apelido":"Presid\u00eancia","publicar":0,"__model__":"Autor","tipoautor":9,"legislativo":0,"observacoes":null,"usarapelido":0},"resultado":{},"sequencia":5,"vinculopai":{},"complemento":"Incluso na pauta da ordem do dia da sess\u00e3o 07.12.2015","destinatario":{"id":10,"nome":"Plen\u00e1rio","ativo":1,"versao":1,"apelido":"Plen\u00e1rio","publicar":0,"__model__":"Autor","tipoautor":9,"legislativo":0,"observacoes":null,"usarapelido":0},"respostadata":"2015-12-07T00:00:00Z","documentovinculado":{},"respostaobservacoes":"Aprovado em primeira discuss\u00e3o por 8x0 votos, retorna \u00e0 Ordem do Dia da pr\u00f3xima sess\u00e3o ordin\u00e1ria.","remetenteusarapelido":0,"destinatariousarapelido":0,"respostadocumentovinculado":{}}}},"timestamp":"2015-12-02T23:00:00-03:00","data_tramitacao":"2015-12-03","data_encaminhamento":"2015-12-03","urgente":false,"turno":"","texto":"Complemento: Incluso na pauta da ordem do dia da sess\u00e3o 07.12.2015\nData da Resposta: 07/12/2015\nResposta Observa\u00e7\u00f5es: Aprovado em primeira discuss\u00e3o por 8x0 votos, retorna \u00e0 Ordem do Dia da pr\u00f3xima sess\u00e3o ordin\u00e1ria.","data_fim_prazo":null,"ip":"","ultima_edicao":null,"status":41,"materia":10780,"unidade_tramitacao_local":8,"unidade_tramitacao_destino":10,"user":null}