{"id":6434,"__str__":"Requerimento n\u00ba 547 de 2016 | Encaminhamento de Expediente | 03/03/2016","link_detail_backend":"/materia/tramitacao/6434","metadata":{"old_system":{"value":{"id":6434,"versao":2,"objetivo":{},"publicar":1,"__model__":"Tramitacao","dataenvio":"2016-03-03T00:00:00Z","dataprazo":null,"documento":{"id":11384,"ano":2016,"data":"2016-03-03T00:00:00Z","flag1":null,"valor":null,"numero":547,"quorum":null,"regime":6,"versao":4,"assunto":"Requer ao Sr. Prefeito informa\u00e7\u00f5es sobre a implanta\u00e7\u00e3o da rede de ilumina\u00e7\u00e3o p\u00fablica na Avenida Brasil e Avenida Para\u00edso.","subtipo":null,"votacao":null,"publicar":1,"situacao":259,"__model__":"Documento","descricao":"Requerimento N\u00ba 547/2016","discussao":null,"anoprocesso":null,"complemento":null,"observacoes":"","anoadicional":null,"dataadicional":null,"identificacao":null,"tipodocumento":134,"numeroprocesso":null,"numeroadicional":null,"descricaocompleta":"Requerimento N\u00ba 547/2016","complementoprocesso":null,"complementoadicional":null},"remetente":{"id":29,"nome":"MARCELO MARTINEZ ACOSTA","ativo":0,"versao":2,"apelido":"JAPINHA","publicar":0,"__model__":"Autor","tipoautor":3,"legislativo":1,"observacoes":"1. Eleito com 359 votos pela Coliga\u00e7\u00e3o Frente Republicana Democr\u00e1tica (PMDB/PR), pelo PMDB, no pleito de 07.10.2012. Empossado em 01.01.2013.\r\n\r\n2. Eleito para o cargo de suplente de Vereador com 300 votos, pela Coliga\u00e7\u00e3o \" A For\u00e7a da Nossa Gente\", pelo PMDB, no pleito de 03.10.2016, diplomado em 12.12.2016. Assumiu como Vereador na Legislatura 2017/2020, no per\u00edodo de 08.08.2019 a 08.09.2019, ante a licen\u00e7a do titular - Vereador Vanderlei Baioto, para tratar de interesses particulares.","usarapelido":0},"resultado":{},"sequencia":1,"vinculopai":{},"complemento":"Incluso na pauta da sess\u00e3o 07.03.2016","destinatario":{"id":8,"nome":"Presid\u00eancia","ativo":1,"versao":1,"apelido":"Presid\u00eancia","publicar":0,"__model__":"Autor","tipoautor":9,"legislativo":0,"observacoes":null,"usarapelido":0},"respostadata":"2016-03-07T00:00:00Z","documentovinculado":{},"respostaobservacoes":"Lido e aprovado por 8x0 votos","remetenteusarapelido":0,"destinatariousarapelido":0,"respostadocumentovinculado":{}}}},"timestamp":"2016-03-02T23:00:00-04:00","data_tramitacao":"2016-03-03","data_encaminhamento":"2016-03-03","urgente":false,"turno":"","texto":"Complemento: Incluso na pauta da sess\u00e3o 07.03.2016\nData da Resposta: 07/03/2016\nResposta Observa\u00e7\u00f5es: Lido e aprovado por 8x0 votos","data_fim_prazo":null,"ip":"","ultima_edicao":null,"status":41,"materia":11384,"unidade_tramitacao_local":29,"unidade_tramitacao_destino":8,"user":null}