{"id":6518,"__str__":"Requerimento n\u00ba 561 de 2016 | Encaminhamento de Expediente | 07/04/2016","link_detail_backend":"/materia/tramitacao/6518","metadata":{"old_system":{"value":{"id":6518,"versao":2,"objetivo":{},"publicar":1,"__model__":"Tramitacao","dataenvio":"2016-04-07T00:00:00Z","dataprazo":null,"documento":{"id":11595,"ano":2016,"data":"2016-04-07T00:00:00Z","flag1":null,"valor":null,"numero":561,"quorum":null,"regime":6,"versao":5,"assunto":"Requerem \u00e0 Associa\u00e7\u00e3o Pr\u00f3-Sa\u00fade do Parecis,  ouvido o Soberano Plen\u00e1rio, o encaminhamento a esta Casa de Leis da seguinte documenta\u00e7\u00e3o acerca do Contrato de Presta\u00e7\u00e3o de Servi\u00e7os Radiol\u00f3gicos e outras Aven\u00e7as, e respectivo Termo Aditivo, firmado em 22.09.2014, entre a Associa\u00e7\u00e3o Pr\u00f3-Sa\u00fade do Parecis e a empresa Mega Imagem Centro de Diagn\u00f3stico Ltda, que tem por objeto a realiza\u00e7\u00e3o de exames radiol\u00f3gicos com a utiliza\u00e7\u00e3o de Tomografia Computadorizada, Raio-X Digital, Mamografia, Densitometria e Ultrassonografia, objetivando o diagn\u00f3stico por imagem: - c\u00f3pia do instrumento onde consta o valor da obra, homologado entre as partes contratantes, a que se refere a Cl\u00e1usula Quinta (item 5.1); - c\u00f3pia das planilhas de faturamento bruto mensal e recebimentos, bem como os controles de atendimento, conforme previsto na Cl\u00e1usula Segunda, desde o in\u00edcio da execu\u00e7\u00e3o do contrato at\u00e9 mar\u00e7o de 2016.","subtipo":null,"votacao":null,"publicar":1,"situacao":259,"__model__":"Documento","descricao":"Requerimento N\u00ba 561/2016","discussao":null,"anoprocesso":null,"complemento":null,"observacoes":"","anoadicional":null,"dataadicional":null,"identificacao":null,"tipodocumento":134,"numeroprocesso":null,"numeroadicional":null,"descricaocompleta":"Requerimento N\u00ba 561/2016","complementoprocesso":null,"complementoadicional":null},"remetente":{"id":15,"nome":"CLOVIS ANTONIO DE PAULA","ativo":0,"versao":3,"apelido":"CL\u00d3VIS DE PAULA","publicar":0,"__model__":"Autor","tipoautor":3,"legislativo":1,"observacoes":"1. Eleito com 602 votos pela Coliga\u00e7\u00e3o PPS/PDT, pelo PPS, no pleito de 03.10.2004. Empossado em 01.01.2005.\r\n\r\n2. Reeleito com 375 votos pela Coliga\u00e7\u00e3o PTB/PPS, pelo PPS, no pleito de 05.10.2008. Diplomado em 18.12.2008. Empossado em 01.01.2009.\r\n\r\n3. Reeleito com 615 votos pela Coliga\u00e7\u00e3o \"Por Amor a Nossa Gente\" (PP/PDT/PTB/PSDB/PSD/PC do B), pelo PSDB. Diplomado em 14.12.2012. Empossado em 01.01.2013.\r\n\r\n4.  Presidente da C\u00e2mara no anu\u00eanio 2016.","usarapelido":0},"resultado":{},"sequencia":1,"vinculopai":{},"complemento":"Incluso na pauta da sess\u00e3o 11.04.2016","destinatario":{"id":8,"nome":"Presid\u00eancia","ativo":1,"versao":1,"apelido":"Presid\u00eancia","publicar":0,"__model__":"Autor","tipoautor":9,"legislativo":0,"observacoes":null,"usarapelido":0},"respostadata":"2016-04-11T00:00:00Z","documentovinculado":{},"respostaobservacoes":"Lido e aprovado por 8x0 votos","remetenteusarapelido":0,"destinatariousarapelido":0,"respostadocumentovinculado":{}}}},"timestamp":"2016-04-06T23:00:00-04:00","data_tramitacao":"2016-04-07","data_encaminhamento":"2016-04-07","urgente":false,"turno":"","texto":"Complemento: Incluso na pauta da sess\u00e3o 11.04.2016\nData da Resposta: 11/04/2016\nResposta Observa\u00e7\u00f5es: Lido e aprovado por 8x0 votos","data_fim_prazo":null,"ip":"","ultima_edicao":null,"status":41,"materia":11595,"unidade_tramitacao_local":15,"unidade_tramitacao_destino":8,"user":null}