{"id":6709,"__str__":"Indica\u00e7\u00e3o n\u00ba 710 de 2016 | Encaminhamento de Expediente | 30/05/2016","link_detail_backend":"/materia/tramitacao/6709","metadata":{"old_system":{"value":{"id":6709,"versao":0,"objetivo":{},"publicar":1,"__model__":"Tramitacao","dataenvio":"2016-05-30T00:00:00Z","dataprazo":null,"documento":{"id":11854,"ano":2016,"data":"2016-05-23T00:00:00Z","flag1":null,"valor":null,"numero":710,"quorum":null,"regime":6,"versao":4,"assunto":"Indicam \u00e0 Prefeitura, atrav\u00e9s da Secretaria Municipal de Infraestrutura, a troca da areia dos parques infantis das escolas municipais de educa\u00e7\u00e3o infantil (EMEI's) e efetuar medidas de profilaxia adequadas.","subtipo":null,"votacao":null,"publicar":1,"situacao":16,"__model__":"Documento","descricao":"Indica\u00e7\u00e3o N\u00ba 710/2016","discussao":null,"anoprocesso":null,"complemento":null,"observacoes":"","anoadicional":null,"dataadicional":null,"identificacao":null,"tipodocumento":135,"numeroprocesso":null,"numeroadicional":null,"descricaocompleta":"Indica\u00e7\u00e3o N\u00ba 710/2016","complementoprocesso":null,"complementoadicional":null},"remetente":{"id":8,"nome":"Presid\u00eancia","ativo":1,"versao":1,"apelido":"Presid\u00eancia","publicar":0,"__model__":"Autor","tipoautor":9,"legislativo":0,"observacoes":null,"usarapelido":0},"resultado":{},"sequencia":2,"vinculopai":{},"complemento":"OF\u00cdCIO N\u00ba116/2016-GP","destinatario":{"id":9,"nome":"Poder Executivo","ativo":1,"versao":1,"apelido":"Poder Executivo","publicar":0,"__model__":"Autor","tipoautor":9,"legislativo":0,"observacoes":null,"usarapelido":0},"respostadata":"2016-06-10T00:00:00Z","documentovinculado":{},"respostaobservacoes":"Of\u00edcio n\u00ba077/2016/06-GP/IR","remetenteusarapelido":0,"destinatariousarapelido":0,"respostadocumentovinculado":{}}}},"timestamp":"2016-05-29T23:00:00-04:00","data_tramitacao":"2016-05-30","data_encaminhamento":"2016-05-30","urgente":false,"turno":"","texto":"Complemento: OF\u00cdCIO N\u00ba116/2016-GP\nData da Resposta: 10/06/2016\nResposta Observa\u00e7\u00f5es: Of\u00edcio n\u00ba077/2016/06-GP/IR","data_fim_prazo":null,"ip":"","ultima_edicao":null,"status":41,"materia":11854,"unidade_tramitacao_local":8,"unidade_tramitacao_destino":9,"user":null}