{"id":6775,"__str__":"Indica\u00e7\u00e3o n\u00ba 717 de 2016 | Encaminhamento de Expediente | 15/06/2016","link_detail_backend":"/materia/tramitacao/6775","metadata":{"old_system":{"value":{"id":6775,"versao":0,"objetivo":{},"publicar":1,"__model__":"Tramitacao","dataenvio":"2016-06-15T00:00:00Z","dataprazo":null,"documento":{"id":11921,"ano":2016,"data":"2016-06-09T00:00:00Z","flag1":null,"valor":null,"numero":717,"quorum":null,"regime":6,"versao":0,"assunto":"Indicam \u00e0 Prefeitura Municipal, atrav\u00e9s da Secretaria Municipal de Infraestrutura, utilizar a terra retirada do piscin\u00e3o do Bairro Jardim das Palmeiras e efetuar servi\u00e7o de terraplanagem na ciclovia paralela \u00e0 Rodovia BR-364, no trecho entre rotat\u00f3ria de entroncamento das Rodovias MT-235 e BR-364, at\u00e9 o P\u00f3lo Industrial Jos\u00e9 Diogo Dutra.","subtipo":null,"votacao":null,"publicar":1,"situacao":16,"__model__":"Documento","descricao":"Indica\u00e7\u00e3o N\u00ba 717/2016","discussao":null,"anoprocesso":null,"complemento":null,"observacoes":"","anoadicional":null,"dataadicional":null,"identificacao":null,"tipodocumento":135,"numeroprocesso":null,"numeroadicional":null,"descricaocompleta":"Indica\u00e7\u00e3o N\u00ba 717/2016","complementoprocesso":null,"complementoadicional":null},"remetente":{"id":8,"nome":"Presid\u00eancia","ativo":1,"versao":1,"apelido":"Presid\u00eancia","publicar":0,"__model__":"Autor","tipoautor":9,"legislativo":0,"observacoes":null,"usarapelido":0},"resultado":{},"sequencia":2,"vinculopai":{},"complemento":"Of\u00edcio n\u00ba129/2016-GP","destinatario":{"id":9,"nome":"Poder Executivo","ativo":1,"versao":1,"apelido":"Poder Executivo","publicar":0,"__model__":"Autor","tipoautor":9,"legislativo":0,"observacoes":null,"usarapelido":0},"respostadata":"2016-07-07T00:00:00Z","documentovinculado":{},"respostaobservacoes":"Of\u00edcio n\u00ba087/2016/06-GP/IR","remetenteusarapelido":0,"destinatariousarapelido":0,"respostadocumentovinculado":{}}}},"timestamp":"2016-06-14T23:00:00-04:00","data_tramitacao":"2016-06-15","data_encaminhamento":"2016-06-15","urgente":false,"turno":"","texto":"Complemento: Of\u00edcio n\u00ba129/2016-GP\nData da Resposta: 07/07/2016\nResposta Observa\u00e7\u00f5es: Of\u00edcio n\u00ba087/2016/06-GP/IR","data_fim_prazo":null,"ip":"","ultima_edicao":null,"status":41,"materia":11921,"unidade_tramitacao_local":8,"unidade_tramitacao_destino":9,"user":null}