{"id":6791,"__str__":"Projeto de Lei Executivo n\u00ba 8 de 2015 | Encaminhamento de Expediente | 13/07/2016","link_detail_backend":"/materia/tramitacao/6791","metadata":{"old_system":{"value":{"id":6791,"versao":0,"objetivo":{},"publicar":1,"__model__":"Tramitacao","dataenvio":"2016-07-13T00:00:00Z","dataprazo":null,"documento":{"id":9017,"ano":2015,"data":"2015-03-13T00:00:00Z","flag1":null,"valor":null,"numero":8,"quorum":27,"regime":6,"versao":3,"assunto":"Regulamenta a concess\u00e3o de benef\u00edcios eventuais no \u00e2mbito da Pol\u00edtica de Assist\u00eancia Social do Munic\u00edpio de Campo Novo do Parecis.","subtipo":209,"votacao":null,"publicar":1,"situacao":334,"__model__":"Documento","descricao":"Projeto de Lei N\u00ba 8/2015","discussao":null,"anoprocesso":null,"complemento":null,"observacoes":"","anoadicional":null,"dataadicional":null,"identificacao":null,"tipodocumento":129,"numeroprocesso":null,"numeroadicional":null,"descricaocompleta":"Projeto de Lei N\u00ba 8/2015","complementoprocesso":null,"complementoadicional":null},"remetente":{"id":8,"nome":"Presid\u00eancia","ativo":1,"versao":1,"apelido":"Presid\u00eancia","publicar":0,"__model__":"Autor","tipoautor":9,"legislativo":0,"observacoes":null,"usarapelido":0},"resultado":{},"sequencia":12,"vinculopai":{},"complemento":"Incluso na pauta da sess\u00e3o extraordin\u00e1ria 15.07.2016","destinatario":{"id":10,"nome":"Plen\u00e1rio","ativo":1,"versao":1,"apelido":"Plen\u00e1rio","publicar":0,"__model__":"Autor","tipoautor":9,"legislativo":0,"observacoes":null,"usarapelido":0},"respostadata":"2016-07-15T00:00:00Z","documentovinculado":{},"respostaobservacoes":"Aprovado em segunda discuss\u00e3o por 5x0 votos, segue \u00e0 san\u00e7\u00e3o.","remetenteusarapelido":0,"destinatariousarapelido":0,"respostadocumentovinculado":{}}}},"timestamp":"2016-07-12T23:00:00-04:00","data_tramitacao":"2016-07-13","data_encaminhamento":"2016-07-13","urgente":false,"turno":"","texto":"Complemento: Incluso na pauta da sess\u00e3o extraordin\u00e1ria 15.07.2016\nData da Resposta: 15/07/2016\nResposta Observa\u00e7\u00f5es: Aprovado em segunda discuss\u00e3o por 5x0 votos, segue \u00e0 san\u00e7\u00e3o.","data_fim_prazo":null,"ip":"","ultima_edicao":null,"status":41,"materia":9017,"unidade_tramitacao_local":8,"unidade_tramitacao_destino":10,"user":null}