{"id":7027,"__str__":"Projeto de Lei Complementar Executivo n\u00ba 3 de 2016 | Encaminhamento de Expediente | 12/12/2016","link_detail_backend":"/materia/tramitacao/7027","metadata":{"old_system":{"value":{"id":7027,"versao":0,"objetivo":{},"publicar":1,"__model__":"Tramitacao","dataenvio":"2016-12-12T00:00:00Z","dataprazo":null,"documento":{"id":12476,"ano":2016,"data":"2016-11-23T00:00:00Z","flag1":null,"valor":null,"numero":3,"quorum":25,"regime":5,"versao":0,"assunto":"Disp\u00f5e sobre a implanta\u00e7\u00e3o de Loteamento Fechado para fins residenciais no Munic\u00edpio de Campo Novo do Parecis, e d\u00e1 outras provid\u00eancias.","subtipo":211,"votacao":null,"publicar":1,"situacao":334,"__model__":"Documento","descricao":"Projeto de Lei Complementar N\u00ba 3E/2016","discussao":null,"anoprocesso":null,"complemento":"E","observacoes":"","anoadicional":null,"dataadicional":null,"identificacao":null,"tipodocumento":130,"numeroprocesso":null,"numeroadicional":null,"descricaocompleta":"Projeto de Lei Complementar N\u00ba 3E/2016","complementoprocesso":null,"complementoadicional":null},"remetente":{"id":8,"nome":"Presid\u00eancia","ativo":1,"versao":1,"apelido":"Presid\u00eancia","publicar":0,"__model__":"Autor","tipoautor":9,"legislativo":0,"observacoes":null,"usarapelido":0},"resultado":{},"sequencia":4,"vinculopai":{},"complemento":"Inclusa na pauta da sess\u00e3o 12.12.2016","destinatario":{"id":10,"nome":"Plen\u00e1rio","ativo":1,"versao":1,"apelido":"Plen\u00e1rio","publicar":0,"__model__":"Autor","tipoautor":9,"legislativo":0,"observacoes":null,"usarapelido":0},"respostadata":"2016-12-12T00:00:00Z","documentovinculado":{},"respostaobservacoes":"Aprovado em discuss\u00e3o \u00fanica, regime de urg\u00eancia simples, seguindo \u00e0 san\u00e7\u00e3o.","remetenteusarapelido":0,"destinatariousarapelido":0,"respostadocumentovinculado":{}}}},"timestamp":"2016-12-11T23:00:00-03:00","data_tramitacao":"2016-12-12","data_encaminhamento":"2016-12-12","urgente":false,"turno":"","texto":"Complemento: Inclusa na pauta da sess\u00e3o 12.12.2016\nData da Resposta: 12/12/2016\nResposta Observa\u00e7\u00f5es: Aprovado em discuss\u00e3o \u00fanica, regime de urg\u00eancia simples, seguindo \u00e0 san\u00e7\u00e3o.","data_fim_prazo":null,"ip":"","ultima_edicao":null,"status":41,"materia":12476,"unidade_tramitacao_local":8,"unidade_tramitacao_destino":10,"user":null}